{"id":5111,"date":"2024-07-30T14:25:12","date_gmt":"2024-07-30T11:25:12","guid":{"rendered":"https:\/\/mehmettetikoglu.com\/?p=5111"},"modified":"2026-04-30T18:08:31","modified_gmt":"2026-04-30T15:08:31","slug":"%d8%ac%d9%85%d8%a7%d9%84%d9%8a%d8%a7%d8%aa-%d8%ac%d9%81%d9%86-%d8%a7%d9%84%d8%b9%d9%8a%d9%86","status":"publish","type":"post","link":"https:\/\/mehmettetikoglu.com\/ar\/%d8%ac%d9%85%d8%a7%d9%84%d9%8a%d8%a7%d8%aa-%d8%ac%d9%81%d9%86-%d8%a7%d9%84%d8%b9%d9%8a%d9%86\/","title":{"rendered":"\u062c\u0645\u0627\u0644\u064a\u0627\u062a \u0627\u0644\u062c\u0641\u0646"},"content":{"rendered":"<p data-block-id=\"e6a33b4e-74e6-4768-be72-da2b8bf01d3d\" data-pm-slice=\"1 1 []\">G\u00f6z \u00e7evresi, y\u00fcz\u00fcn en dikkat \u00e7eken b\u00f6lgelerinden biridir. Zamanla ya\u015flanma belirtileri burada daha belirgin hale gelir. G\u00f6z kapaklar\u0131nda sarkma, torbalanma ve yorgun ifade olu\u015fabilir. Bu durum hem estetik a\u00e7\u0131dan hem de baz\u0131 ki\u015filerde g\u00f6rme alan\u0131n\u0131 etkileyebilir. Bu noktada <strong>g\u00f6z kapak esteti\u011fi<\/strong>, daha dinamik ve gen\u00e7 bir g\u00f6r\u00fcn\u00fcm elde etmek i\u00e7in tercih edilen etkili bir y\u00f6ntemdir.<\/p>\n<div id=\"ez-toc-container\" class=\"ez-toc-v2_0_76 counter-hierarchy ez-toc-counter ez-toc-custom ez-toc-container-direction\">\n<div class=\"ez-toc-title-container\">\n<p class=\"ez-toc-title\" style=\"cursor:inherit\">\u0130\u00e7indekiler<\/p>\n<span class=\"ez-toc-title-toggle\"><a href=\"#\" class=\"ez-toc-pull-right ez-toc-btn ez-toc-btn-xs ez-toc-btn-default ez-toc-toggle\" aria-label=\"\u062a\u0628\u062f\u064a\u0644 \u062c\u062f\u0648\u0644 \u0627\u0644\u0645\u062d\u062a\u0648\u0649\"><span class=\"ez-toc-js-icon-con\"><span class=\"\"><span class=\"eztoc-hide\" style=\"display:none;\">\u062a\u0628\u062f\u064a\u0644<\/span><span class=\"ez-toc-icon-toggle-span\"><svg style=\"fill: #212d3d;color:#212d3d\" xmlns=\"http:\/\/www.w3.org\/2000\/svg\" class=\"list-377408\" width=\"20px\" height=\"20px\" viewbox=\"0 0 24 24\" fill=\"none\"><path d=\"M6 6H4v2h2V6zm14 0H8v2h12V6zM4 11h2v2H4v-2zm16 0H8v2h12v-2zM4 16h2v2H4v-2zm16 0H8v2h12v-2z\" fill=\"currentColor\"><\/path><\/svg><svg style=\"fill: #212d3d;color:#212d3d\" class=\"arrow-unsorted-368013\" xmlns=\"http:\/\/www.w3.org\/2000\/svg\" width=\"10px\" height=\"10px\" viewbox=\"0 0 24 24\" version=\"1.2\" baseprofile=\"tiny\"><path d=\"M18.2 9.3l-6.2-6.3-6.2 6.3c-.2.2-.3.4-.3.7s.1.5.3.7c.2.2.4.3.7.3h11c.3 0 .5-.1.7-.3.2-.2.3-.5.3-.7s-.1-.5-.3-.7zM5.8 14.7l6.2 6.3 6.2-6.3c.2-.2.3-.5.3-.7s-.1-.5-.3-.7c-.2-.2-.4-.3-.7-.3h-11c-.3 0-.5.1-.7.3-.2.2-.3.5-.3.7s.1.5.3.7z\"\/><\/svg><\/span><\/span><\/span><\/a><\/span><\/div>\n<nav><ul class='ez-toc-list ez-toc-list-level-1' ><li class='ez-toc-page-1 ez-toc-heading-level-2'><a class=\"ez-toc-link ez-toc-heading-1\" href=\"https:\/\/mehmettetikoglu.com\/ar\/%d8%ac%d9%85%d8%a7%d9%84%d9%8a%d8%a7%d8%aa-%d8%ac%d9%81%d9%86-%d8%a7%d9%84%d8%b9%d9%8a%d9%86\/#Goz_Kapak_Estetigi_Kimler_Icin_Uygundur\" >\u0644\u0645\u0646 \u062a\u0646\u0627\u0633\u0628 \u0639\u0645\u0644\u064a\u0629 \u062a\u062c\u0645\u064a\u0644 \u0627\u0644\u062c\u0641\u0648\u0646\u061f<\/a><ul class='ez-toc-list-level-3' ><li class='ez-toc-heading-level-3'><a class=\"ez-toc-link ez-toc-heading-2\" href=\"https:\/\/mehmettetikoglu.com\/ar\/%d8%ac%d9%85%d8%a7%d9%84%d9%8a%d8%a7%d8%aa-%d8%ac%d9%81%d9%86-%d8%a7%d9%84%d8%b9%d9%8a%d9%86\/#Goz_Kapak_Estetigi_Hangi_Durumlarda_Uygulanir\" >G\u00f6z Kapak Esteti\u011fi Hangi Durumlarda Uygulan\u0131r?<\/a><\/li><li class='ez-toc-page-1 ez-toc-heading-level-3'><a class=\"ez-toc-link ez-toc-heading-3\" href=\"https:\/\/mehmettetikoglu.com\/ar\/%d8%ac%d9%85%d8%a7%d9%84%d9%8a%d8%a7%d8%aa-%d8%ac%d9%81%d9%86-%d8%a7%d9%84%d8%b9%d9%8a%d9%86\/#Goz_Kapak_Estetigi_Nasil_Yapilir\" >G\u00f6z Kapak Esteti\u011fi Nas\u0131l Yap\u0131l\u0131r?<\/a><\/li><li class='ez-toc-page-1 ez-toc-heading-level-3'><a class=\"ez-toc-link ez-toc-heading-4\" href=\"https:\/\/mehmettetikoglu.com\/ar\/%d8%ac%d9%85%d8%a7%d9%84%d9%8a%d8%a7%d8%aa-%d8%ac%d9%81%d9%86-%d8%a7%d9%84%d8%b9%d9%8a%d9%86\/#Goz_Kapak_Estetigi_Sonrasi_Surec_Nasildir\" >G\u00f6z Kapak Esteti\u011fi Sonras\u0131 S\u00fcre\u00e7 Nas\u0131ld\u0131r?<\/a><\/li><\/ul><\/li><\/ul><\/nav><\/div>\n<h2 data-block-id=\"46307bd1-1950-40b1-b9bb-1e1fc62a3faf\"><span class=\"ez-toc-section\" id=\"Goz_Kapak_Estetigi_Kimler_Icin_Uygundur\"><\/span>\u0644\u0645\u0646 \u062a\u0646\u0627\u0633\u0628 \u0639\u0645\u0644\u064a\u0629 \u062a\u062c\u0645\u064a\u0644 \u0627\u0644\u062c\u0641\u0648\u0646\u061f<span class=\"ez-toc-section-end\"><\/span><\/h2>\n<p><img fetchpriority=\"high\" decoding=\"async\" class=\"alignleft wp-image-6169\" src=\"https:\/\/mehmettetikoglu.com\/wp-content\/uploads\/2024\/07\/goz-kapak-estetigi-1.jpg\" alt=\"\u062c\u0645\u0627\u0644\u064a\u0627\u062a \u0627\u0644\u062c\u0641\u0646\" width=\"380\" height=\"199\" srcset=\"https:\/\/mehmettetikoglu.com\/wp-content\/uploads\/2024\/07\/goz-kapak-estetigi-1.jpg 1200w, https:\/\/mehmettetikoglu.com\/wp-content\/uploads\/2024\/07\/goz-kapak-estetigi-1-18x9.jpg 18w\" sizes=\"(max-width: 380px) 100vw, 380px\" \/><\/p>\n<p data-block-id=\"65b4014e-a1d3-4ccf-9306-35ef9ddb9181\">G\u00f6z kapaklar\u0131nda zamanla olu\u015fan sarkma ve torbalanma bir\u00e7ok ki\u015fiyi estetik a\u00e7\u0131dan rahats\u0131z edebilir. Bu durum genellikle ya\u015flanma ile ili\u015fkilidir ancak genetik fakt\u00f6rler de etkili olabilir. G\u00f6z \u00e7evresinde yorgun ve mutsuz bir ifade olu\u015fabilir. Baz\u0131 ki\u015filerde \u00fcst g\u00f6z kapa\u011f\u0131ndaki fazla deri g\u00f6rme alan\u0131n\u0131 daraltabilir. Bu nedenle hem estetik hem de fonksiyonel nedenlerle \u00e7\u00f6z\u00fcm aray\u0131\u015f\u0131 olu\u015fur.<\/p>\n<p data-block-id=\"2448d0a7-aca2-43c7-8af0-a23b251432e7\"><strong>\u062c\u0645\u0627\u0644\u064a\u0627\u062a \u0627\u0644\u062c\u0641\u0646<\/strong>, g\u00f6z kapa\u011f\u0131nda belirgin sarkma ve torbalanma ya\u015fayan ki\u015filer i\u00e7in uygundur. \u00d6zellikle \u00fcst g\u00f6z kapa\u011f\u0131nda d\u00fc\u015f\u00fckl\u00fck olan bireyler bu i\u015flemden fayda g\u00f6rebilir. Alt g\u00f6z kapa\u011f\u0131nda \u015fi\u015flik ve morluk \u015fik\u00e2yeti olan ki\u015filerde de tercih edilebilir. Sa\u011fl\u0131k durumu uygun olan ve ger\u00e7ek\u00e7i beklentilere sahip ki\u015filer i\u00e7in iyi bir se\u00e7enektir.<\/p>\n<p data-block-id=\"2448d0a7-aca2-43c7-8af0-a23b251432e7\">Bu i\u015flem, daha din\u00e7 ve canl\u0131 bir g\u00f6r\u00fcn\u00fcm elde etmeye yard\u0131mc\u0131 olur. Genetik yatk\u0131nl\u0131k bu durumun erken ya\u015fta ortaya \u00e7\u0131kmas\u0131na neden olabilir. Ailesinde benzer sorunlar olan ki\u015filerde g\u00f6z kapa\u011f\u0131 de\u011fi\u015fimleri daha erken g\u00f6r\u00fclebilir. Ayr\u0131ca yo\u011fun stres ve d\u00fczensiz ya\u015fam tarz\u0131 da g\u00f6z \u00e7evresini etkileyebilir.<\/p>\n<p data-block-id=\"2448d0a7-aca2-43c7-8af0-a23b251432e7\">Sigara kullan\u0131m\u0131 ve yetersiz uyku, g\u00f6z kapa\u011f\u0131nda sarkmay\u0131 art\u0131rabilir.Bu nedenle ya\u015fam al\u0131\u015fkanl\u0131klar\u0131 da \u00f6nemli bir rol oynar. Genel sa\u011fl\u0131k durumu iyi olan ve ameliyata engel bir hastal\u0131\u011f\u0131 bulunmayan ki\u015filer bu i\u015flem i\u00e7in uygundur. G\u00f6z \u00e7evresinde belirgin ya\u015flanma belirtileri olan bireyler bu i\u015flemden fayda sa\u011flayabilir. Ki\u015finin beklentilerinin do\u011fru de\u011ferlendirilmesi \u00f6nemlidir. Uygun adaylarda ba\u015far\u0131l\u0131 sonu\u00e7lar elde edilir. B\u00f6ylece daha gen\u00e7 ve dinamik bir g\u00f6r\u00fcn\u00fcm kazanmak m\u00fcmk\u00fcn olur. Bu i\u015flem<strong> g\u00f6z kapak esteti\u011fi<\/strong> olarak adland\u0131r\u0131l\u0131r.<\/p>\n<h3 data-block-id=\"6123680f-7a9f-4bbf-873f-f1b277b057de\"><span class=\"ez-toc-section\" id=\"Goz_Kapak_Estetigi_Hangi_Durumlarda_Uygulanir\"><\/span>G\u00f6z Kapak Esteti\u011fi Hangi Durumlarda Uygulan\u0131r?<span class=\"ez-toc-section-end\"><\/span><\/h3>\n<p data-block-id=\"5ac338d1-0a10-4e0f-938c-c1f7df288b2c\"><strong>\u062c\u0645\u0627\u0644\u064a\u0627\u062a \u0627\u0644\u062c\u0641\u0646<\/strong>, g\u00f6z \u00e7evresinde olu\u015fan sarkma, torbalanma ve fazla deri birikimi gibi durumlarda uygulan\u0131r. Bu de\u011fi\u015fimler \u00e7o\u011funlukla ya\u015flanma ile ortaya \u00e7\u0131kar. Ancak genetik fakt\u00f6rler de etkili olabilir. \u00dcst g\u00f6z kapa\u011f\u0131nda deri fazlal\u0131\u011f\u0131 olu\u015ftu\u011funda g\u00f6zler daha yorgun g\u00f6r\u00fcn\u00fcr. Baz\u0131 ki\u015filerde bu durum g\u00f6rme alan\u0131n\u0131 da daraltabilir. Alt g\u00f6z kapa\u011f\u0131nda ise \u015fi\u015flik ve morluklar dikkat \u00e7eker. Bu durum ki\u015finin y\u00fcz ifadesini olumsuz etkileyebilir.<\/p>\n<p data-block-id=\"62a7f4dc-dacc-4cc9-8e4f-a25223791ef6\">Zamanla cilt elastikiyetini kaybeder ve yer \u00e7ekiminin etkisiyle a\u015fa\u011f\u0131 do\u011fru sarkar. Bu durum \u00f6zellikle g\u00f6z \u00e7evresinde daha h\u0131zl\u0131 fark edilir. G\u00f6z kapa\u011f\u0131ndaki kas ve ba\u011f dokular\u0131 da zay\u0131flayabilir. Bu de\u011fi\u015fimler estetik kayg\u0131lar\u0131n artmas\u0131na neden olur. Ayn\u0131 zamanda g\u00fcnl\u00fck ya\u015famda rahats\u0131zl\u0131k hissi olu\u015fabilir. Bu nedenle m\u00fcdahale gereksinimi ortaya \u00e7\u0131kabilir. Baz\u0131 ki\u015filerde g\u00f6z kapa\u011f\u0131 d\u00fc\u015f\u00fckl\u00fc\u011f\u00fc do\u011fu\u015ftan olabilir.<\/p>\n<p data-block-id=\"62a7f4dc-dacc-4cc9-8e4f-a25223791ef6\">Bu durum erken ya\u015fta fark edilebilir. G\u00f6rme alan\u0131n\u0131 etkileyen durumlarda tedavi daha \u00f6nemli hale gelir. Bu noktada <a href=\"https:\/\/mehmettetikoglu.com\/ar\/%d8%aa%d8%ac%d9%85%d9%8a%d9%84-%d8%a7%d9%84%d8%ac%d9%81%d9%88%d9%86\/\">\u062c\u0645\u0627\u0644\u064a\u0629 \u0627\u0644\u062c\u0641\u0646<\/a> gerekli olabilir. Ayr\u0131ca travma sonras\u0131 olu\u015fan deformasyonlar da bu i\u015flemi gerekli k\u0131labilir. G\u00f6z \u00e7evresinde asimetri olu\u015fmas\u0131 da uygulama nedenleri aras\u0131nda yer al\u0131r. Bu gibi durumlarda estetik ve fonksiyonel fayda birlikte sa\u011flan\u0131r.<\/p>\n<p data-block-id=\"09541d6f-a8f1-47bc-807e-98be1177f9c4\">Ki\u015finin genel sa\u011fl\u0131k durumu uygulama i\u00e7in \u00f6nemlidir. Ameliyat \u00f6ncesi detayl\u0131 de\u011ferlendirme yap\u0131l\u0131r. Beklentilerin do\u011fru belirlenmesi gerekir. Uygun adaylarda ba\u015far\u0131l\u0131 sonu\u00e7lar elde edilir. Bu sayede daha gen\u00e7 ve dinamik bir g\u00f6r\u00fcn\u00fcm kazanmak m\u00fcmk\u00fcn olur.<\/p>\n<h3 data-block-id=\"86537b7f-69c2-4aa3-b9e3-ebea005a3d19\"><span class=\"ez-toc-section\" id=\"Goz_Kapak_Estetigi_Nasil_Yapilir\"><\/span>G\u00f6z Kapak Esteti\u011fi Nas\u0131l Yap\u0131l\u0131r?<span class=\"ez-toc-section-end\"><\/span><\/h3>\n<p><img decoding=\"async\" class=\"wp-image-6170 alignright\" src=\"https:\/\/mehmettetikoglu.com\/wp-content\/uploads\/2024\/07\/goz-kapak-estetigi-2.jpg\" alt=\"\u062c\u0645\u0627\u0644\u064a\u0627\u062a \u0627\u0644\u062c\u0641\u0646\" width=\"380\" height=\"199\" srcset=\"https:\/\/mehmettetikoglu.com\/wp-content\/uploads\/2024\/07\/goz-kapak-estetigi-2.jpg 1200w, https:\/\/mehmettetikoglu.com\/wp-content\/uploads\/2024\/07\/goz-kapak-estetigi-2-18x9.jpg 18w\" sizes=\"(max-width: 380px) 100vw, 380px\" \/><\/p>\n<p data-block-id=\"764c6084-8080-46b3-9496-0e9fd191ccfa\">\u0130\u015flem genellikle detayl\u0131 bir de\u011ferlendirme ile ba\u015flar. Hastan\u0131n g\u00f6z yap\u0131s\u0131 dikkatle incelenir. Cilt fazlal\u0131\u011f\u0131 ve ya\u011f dokusu belirlenir. Bu de\u011ferlendirme sonucunda ki\u015fiye \u00f6zel bir plan olu\u015fturulur. \u0130\u015flem \u00f6ncesinde hastaya s\u00fcre\u00e7 hakk\u0131nda bilgi verilir. Kullan\u0131lacak teknik ve beklentiler netle\u015ftirilir. Bu a\u015fama, ba\u015far\u0131l\u0131 sonu\u00e7lar i\u00e7in \u00f6nemlidir.<\/p>\n<p data-block-id=\"77b31a9b-8801-4ecf-b618-dbdb8715fb16\">Operasyon genellikle lokal anestezi alt\u0131nda yap\u0131l\u0131r. Baz\u0131 durumlarda genel anestezi de tercih edilebilir. \u00dcst g\u00f6z kapa\u011f\u0131nda fazla deri dikkatli \u015fekilde \u00e7\u0131kar\u0131l\u0131r. Alt g\u00f6z kapa\u011f\u0131nda ise torbalanmaya neden olan ya\u011f dokusu d\u00fczenlenir. Kesiler do\u011fal katlant\u0131lar \u00fczerine yap\u0131l\u0131r. Bu sayede izler daha az belirgin olur.<\/p>\n<p data-block-id=\"77b31a9b-8801-4ecf-b618-dbdb8715fb16\">\u0130\u015flem s\u00fcresi genellikle k\u0131sa s\u00fcrer ve hasta ayn\u0131 g\u00fcn taburcu olabilir. <strong>\u062c\u0645\u0627\u0644\u064a\u0627\u062a \u0627\u0644\u062c\u0641\u0646<\/strong> s\u0131ras\u0131nda ama\u00e7 do\u011fal bir g\u00f6r\u00fcn\u00fcm elde etmektir. Fazla dokular al\u0131n\u0131rken g\u00f6z yap\u0131s\u0131 korunur. Cerrah, g\u00f6z \u00e7evresinin dengeli g\u00f6r\u00fcnmesine dikkat eder. Bu sayede y\u00fcz ifadesi daha canl\u0131 hale gelir. \u0130\u015flem sonras\u0131 hafif \u015fi\u015flik ve morluk olu\u015fabilir.<\/p>\n<p data-block-id=\"77b31a9b-8801-4ecf-b618-dbdb8715fb16\">Bu durum genellikle k\u0131sa s\u00fcrede azal\u0131r. \u0130yile\u015fme s\u00fcreci ki\u015fiden ki\u015fiye de\u011fi\u015febilir. Ameliyat sonras\u0131 bak\u0131m s\u00fcreci de \u00f6nemlidir. Doktorun \u00f6nerilerine uyulmal\u0131d\u0131r. G\u00f6z b\u00f6lgesi darbelere kar\u015f\u0131 korunmal\u0131d\u0131r. \u0130lk g\u00fcnlerde dinlenmek iyile\u015fmeyi destekler. D\u00fczenli kontroller ile s\u00fcre\u00e7 takip edilir. Bu sayede hem estetik hem fonksiyonel olarak ba\u015far\u0131l\u0131 sonu\u00e7lar elde edilebilir.<\/p>\n<h3 data-block-id=\"a261d4ba-e8bd-4b10-90b5-617354947a04\"><span class=\"ez-toc-section\" id=\"Goz_Kapak_Estetigi_Sonrasi_Surec_Nasildir\"><\/span>G\u00f6z Kapak Esteti\u011fi Sonras\u0131 S\u00fcre\u00e7 Nas\u0131ld\u0131r?<span class=\"ez-toc-section-end\"><\/span><\/h3>\n<p data-block-id=\"228ff8c9-3b6e-4f9e-bda6-a35a564ae6ed\">Ameliyat sonras\u0131 ilk g\u00fcnlerde hafif \u015fi\u015flik ve morluk olu\u015fmas\u0131 normaldir. Bu durum genellikle k\u0131sa s\u00fcrede azal\u0131r. G\u00f6z \u00e7evresinde hassasiyet hissedilebilir. So\u011fuk uygulamalar bu s\u00fcreci rahatlat\u0131r. Doktorun verdi\u011fi damlalar ve ila\u00e7lar d\u00fczenli kullan\u0131lmal\u0131d\u0131r. \u0130lk g\u00fcnlerde dinlenmek iyile\u015fmeyi destekler. Ayr\u0131ca ba\u015f\u0131n y\u00fcksekte tutulmas\u0131 \u00f6nerilir.<\/p>\n<p data-block-id=\"7c163f20-1873-4e48-8c83-038a296308a0\">G\u00fcnl\u00fck ya\u015fama d\u00f6n\u00fc\u015f genellikle h\u0131zl\u0131 olur. Ancak ilk hafta a\u011f\u0131r aktivitelerden ka\u00e7\u0131n\u0131lmal\u0131d\u0131r. G\u00f6z b\u00f6lgesini zorlayacak hareketler yap\u0131lmamal\u0131d\u0131r. Makyaj kullan\u0131m\u0131 i\u00e7in doktor \u00f6nerisi beklenmelidir. G\u00fcne\u015f \u0131\u015f\u0131\u011f\u0131na kar\u015f\u0131 koruyucu g\u00f6zl\u00fck kullanmak faydal\u0131d\u0131r. Bu \u00f6nlemler iyile\u015fme s\u00fcrecini olumlu etkiler.<\/p>\n<p data-block-id=\"5028e143-aa6b-4c52-99d2-413cd222aebe\">Diki\u015fler genellikle k\u0131sa s\u00fcrede al\u0131n\u0131r. Bu s\u00fcre\u00e7te kontroller aksat\u0131lmamal\u0131d\u0131r. G\u00f6z \u00e7evresindeki izler zamanla belirginli\u011fini kaybeder. Cilt yap\u0131s\u0131na ba\u011fl\u0131 olarak iyile\u015fme s\u00fcresi de\u011fi\u015febilir. Sab\u0131rl\u0131 olmak ve \u00f6nerilere uymak \u00f6nemlidir. B\u00f6ylece daha sa\u011fl\u0131kl\u0131 sonu\u00e7lar elde edilir. \u0130yile\u015fme tamamland\u0131ktan sonra ki\u015fi daha din\u00e7 bir g\u00f6r\u00fcn\u00fcme kavu\u015fur.<\/p>\n<p data-block-id=\"5028e143-aa6b-4c52-99d2-413cd222aebe\">Bu noktada <strong>g\u00f6z kapak esteti\u011fi<\/strong> ile elde edilen sonu\u00e7lar belirgin hale gelir. G\u00f6z \u00e7evresi daha canl\u0131 ve gen\u00e7 g\u00f6r\u00fcn\u00fcr. Ki\u015finin \u00f6zg\u00fcveni artabilir. Uzun vadede sa\u011fl\u0131kl\u0131 ya\u015fam al\u0131\u015fkanl\u0131klar\u0131 sonu\u00e7lar\u0131n korunmas\u0131na yard\u0131mc\u0131 olur.<\/p>","protected":false},"excerpt":{"rendered":"<p>G\u00f6z \u00e7evresi, y\u00fcz\u00fcn en dikkat \u00e7eken b\u00f6lgelerinden biridir. Zamanla ya\u015flanma belirtileri burada daha belirgin hale gelir. G\u00f6z kapaklar\u0131nda sarkma, torbalanma ve yorgun ifade olu\u015fabilir. Bu durum hem estetik a\u00e7\u0131dan hem de baz\u0131 ki\u015filerde g\u00f6rme alan\u0131n\u0131 etkileyebilir. Bu noktada g\u00f6z kapak esteti\u011fi, daha dinamik ve gen\u00e7 bir g\u00f6r\u00fcn\u00fcm elde etmek i\u00e7in tercih edilen etkili bir y\u00f6ntemdir. [&hellip;]<\/p>","protected":false},"author":1,"featured_media":6171,"comment_status":"closed","ping_status":"open","sticky":false,"template":"","format":"standard","meta":{"footnotes":""},"categories":[1],"tags":[],"class_list":["post-5111","post","type-post","status-publish","format-standard","has-post-thumbnail","hentry","category-uncategorized"],"_links":{"self":[{"href":"https:\/\/mehmettetikoglu.com\/ar\/wp-json\/wp\/v2\/posts\/5111","targetHints":{"allow":["GET"]}}],"collection":[{"href":"https:\/\/mehmettetikoglu.com\/ar\/wp-json\/wp\/v2\/posts"}],"about":[{"href":"https:\/\/mehmettetikoglu.com\/ar\/wp-json\/wp\/v2\/types\/post"}],"author":[{"embeddable":true,"href":"https:\/\/mehmettetikoglu.com\/ar\/wp-json\/wp\/v2\/users\/1"}],"replies":[{"embeddable":true,"href":"https:\/\/mehmettetikoglu.com\/ar\/wp-json\/wp\/v2\/comments?post=5111"}],"version-history":[{"count":2,"href":"https:\/\/mehmettetikoglu.com\/ar\/wp-json\/wp\/v2\/posts\/5111\/revisions"}],"predecessor-version":[{"id":6172,"href":"https:\/\/mehmettetikoglu.com\/ar\/wp-json\/wp\/v2\/posts\/5111\/revisions\/6172"}],"wp:featuredmedia":[{"embeddable":true,"href":"https:\/\/mehmettetikoglu.com\/ar\/wp-json\/wp\/v2\/media\/6171"}],"wp:attachment":[{"href":"https:\/\/mehmettetikoglu.com\/ar\/wp-json\/wp\/v2\/media?parent=5111"}],"wp:term":[{"taxonomy":"category","embeddable":true,"href":"https:\/\/mehmettetikoglu.com\/ar\/wp-json\/wp\/v2\/categories?post=5111"},{"taxonomy":"post_tag","embeddable":true,"href":"https:\/\/mehmettetikoglu.com\/ar\/wp-json\/wp\/v2\/tags?post=5111"}],"curies":[{"name":"wp","href":"https:\/\/api.w.org\/{rel}","templated":true}]}}