{"id":5423,"date":"2025-01-09T15:41:54","date_gmt":"2025-01-09T12:41:54","guid":{"rendered":"https:\/\/mehmettetikoglu.com\/?p=5423"},"modified":"2026-04-30T18:08:19","modified_gmt":"2026-04-30T15:08:19","slug":"goz-tembelligi-nedir","status":"publish","type":"post","link":"https:\/\/mehmettetikoglu.com\/ar\/goz-tembelligi-nedir\/","title":{"rendered":"\u0645\u0627 \u0647\u064a \u0627\u0644\u0639\u064a\u0646 \u0627\u0644\u0643\u0633\u0648\u0644\u0629\u061f"},"content":{"rendered":"<p data-block-id=\"a604bbe1-1f90-4a67-bd20-dcf89cdacd32\">Bir g\u00f6z\u00fcn di\u011ferine g\u00f6re daha az g\u00f6rmesi ile ortaya \u00e7\u0131kan bir g\u00f6rme sorunudur. Genellikle \u00e7ocuklukta geli\u015fir. Beyin zay\u0131f g\u00f6zden gelen g\u00f6r\u00fcnt\u00fcy\u00fc zamanla bask\u0131lar. Bu durum g\u00f6rme kalitesini d\u00fc\u015f\u00fcr\u00fcr. <strong>G\u00f6z tembelli\u011fi nedir<\/strong> sorusu erken tan\u0131n\u0131n \u00f6nemini anlamak i\u00e7in ara\u015ft\u0131r\u0131l\u0131r. Tedavi edilmezse kal\u0131c\u0131 olabilir.<\/p>\n<div id=\"ez-toc-container\" class=\"ez-toc-v2_0_76 counter-hierarchy ez-toc-counter ez-toc-custom ez-toc-container-direction\">\n<div class=\"ez-toc-title-container\">\n<p class=\"ez-toc-title\" style=\"cursor:inherit\">\u0130\u00e7indekiler<\/p>\n<span class=\"ez-toc-title-toggle\"><a href=\"#\" class=\"ez-toc-pull-right ez-toc-btn ez-toc-btn-xs ez-toc-btn-default ez-toc-toggle\" aria-label=\"\u062a\u0628\u062f\u064a\u0644 \u062c\u062f\u0648\u0644 \u0627\u0644\u0645\u062d\u062a\u0648\u0649\"><span class=\"ez-toc-js-icon-con\"><span class=\"\"><span class=\"eztoc-hide\" style=\"display:none;\">\u062a\u0628\u062f\u064a\u0644<\/span><span class=\"ez-toc-icon-toggle-span\"><svg style=\"fill: #212d3d;color:#212d3d\" xmlns=\"http:\/\/www.w3.org\/2000\/svg\" class=\"list-377408\" width=\"20px\" height=\"20px\" viewbox=\"0 0 24 24\" fill=\"none\"><path d=\"M6 6H4v2h2V6zm14 0H8v2h12V6zM4 11h2v2H4v-2zm16 0H8v2h12v-2zM4 16h2v2H4v-2zm16 0H8v2h12v-2z\" fill=\"currentColor\"><\/path><\/svg><svg style=\"fill: #212d3d;color:#212d3d\" class=\"arrow-unsorted-368013\" xmlns=\"http:\/\/www.w3.org\/2000\/svg\" width=\"10px\" height=\"10px\" viewbox=\"0 0 24 24\" version=\"1.2\" baseprofile=\"tiny\"><path d=\"M18.2 9.3l-6.2-6.3-6.2 6.3c-.2.2-.3.4-.3.7s.1.5.3.7c.2.2.4.3.7.3h11c.3 0 .5-.1.7-.3.2-.2.3-.5.3-.7s-.1-.5-.3-.7zM5.8 14.7l6.2 6.3 6.2-6.3c.2-.2.3-.5.3-.7s-.1-.5-.3-.7c-.2-.2-.4-.3-.7-.3h-11c-.3 0-.5.1-.7.3-.2.2-.3.5-.3.7s.1.5.3.7z\"\/><\/svg><\/span><\/span><\/span><\/a><\/span><\/div>\n<nav><ul class='ez-toc-list ez-toc-list-level-1' ><li class='ez-toc-page-1 ez-toc-heading-level-2'><a class=\"ez-toc-link ez-toc-heading-1\" href=\"https:\/\/mehmettetikoglu.com\/ar\/goz-tembelligi-nedir\/#Goz_Tembelligi_Nedir_Belirtileri_Nelerdir\" >G\u00f6z Tembelli\u011fi Nedir? Belirtileri Nelerdir?<\/a><ul class='ez-toc-list-level-3' ><li class='ez-toc-heading-level-3'><a class=\"ez-toc-link ez-toc-heading-2\" href=\"https:\/\/mehmettetikoglu.com\/ar\/goz-tembelligi-nedir\/#Goz_Tembelligi_Neden_Olur\" >G\u00f6z Tembelli\u011fi Neden Olur?<\/a><\/li><li class='ez-toc-page-1 ez-toc-heading-level-3'><a class=\"ez-toc-link ez-toc-heading-3\" href=\"https:\/\/mehmettetikoglu.com\/ar\/goz-tembelligi-nedir\/#Goz_Tembelligi_Kimlerde_Gorulur\" >G\u00f6z Tembelli\u011fi Kimlerde G\u00f6r\u00fcl\u00fcr?<\/a><\/li><li class='ez-toc-page-1 ez-toc-heading-level-3'><a class=\"ez-toc-link ez-toc-heading-4\" href=\"https:\/\/mehmettetikoglu.com\/ar\/goz-tembelligi-nedir\/#Goz_Tembelligi_Tedavi_Yontemleri_Nelerdir\" >G\u00f6z Tembelli\u011fi Tedavi Y\u00f6ntemleri Nelerdir?<\/a><\/li><\/ul><\/li><\/ul><\/nav><\/div>\n<h2 data-block-id=\"7aedb321-6c43-46c7-877d-d4daba06cc9d\"><span class=\"ez-toc-section\" id=\"Goz_Tembelligi_Nedir_Belirtileri_Nelerdir\"><\/span>G\u00f6z Tembelli\u011fi Nedir? Belirtileri Nelerdir?<span class=\"ez-toc-section-end\"><\/span><\/h2>\n<p><img fetchpriority=\"high\" decoding=\"async\" class=\"wp-image-6284 alignleft\" src=\"https:\/\/mehmettetikoglu.com\/wp-content\/uploads\/2025\/01\/goz-tembelligi-nedir-1-1.jpg\" alt=\"\u0645\u0627 \u0647\u064a \u0627\u0644\u0639\u064a\u0646 \u0627\u0644\u0643\u0633\u0648\u0644\u0629\u061f\" width=\"380\" height=\"199\" srcset=\"https:\/\/mehmettetikoglu.com\/wp-content\/uploads\/2025\/01\/goz-tembelligi-nedir-1-1.jpg 1200w, https:\/\/mehmettetikoglu.com\/wp-content\/uploads\/2025\/01\/goz-tembelligi-nedir-1-1-18x9.jpg 18w\" sizes=\"(max-width: 380px) 100vw, 380px\" \/><\/p>\n<p data-block-id=\"6caa85fd-5733-455c-999c-1e76a648d99d\">Bu hastal\u0131k bir g\u00f6z\u00fcn di\u011ferine g\u00f6re daha az g\u00f6rmesi ile ortaya \u00e7\u0131kan bir g\u00f6rme problemidir. Genellikle \u00e7ocukluk d\u00f6neminde geli\u015fir. Erken fark edilmezse kal\u0131c\u0131 hale gelebilir. Beyin zay\u0131f olan g\u00f6zden gelen g\u00f6r\u00fcnt\u00fcy\u00fc zamanla bask\u0131lar. Bu durum g\u00f6rme kalitesini d\u00fc\u015f\u00fcr\u00fcr. Tedavi s\u00fcrecinde erken tan\u0131 b\u00fcy\u00fck \u00f6nem ta\u015f\u0131r.<\/p>\n<p data-block-id=\"6ea23565-f89f-4468-b033-1ab538742270\" data-pm-slice=\"1 1 []\"><strong>\u0623\u0639\u064a\u0646 \u0646\u0639\u0633\u0627\u0646\u0647<\/strong> \u00e7ocuklarda s\u0131k g\u00f6r\u00fclen bir durumdur ve \u00e7o\u011fu zaman fark edilmeden ilerler. Tek g\u00f6z bask\u0131n hale gelir. Di\u011fer g\u00f6z yeterince kullan\u0131lmaz. Bu nedenle belirtiler dikkatle izlenmelidir. \u00d6zellikle bir g\u00f6z\u00fcn kaymas\u0131 \u00f6nemli bir i\u015farettir. Ayr\u0131ca nesnelere odaklanmada zorlanma g\u00f6r\u00fclebilir. Bu durum okul \u00e7a\u011f\u0131nda daha belirgin hale gelir.<\/p>\n<p data-block-id=\"81f3a8b1-f3fb-495c-b386-f0ce0d39c975\">G\u00f6rme bulan\u0131kl\u0131\u011f\u0131 en yayg\u0131n belirtilerden biridir. Ki\u015fi detaylar\u0131 se\u00e7mekte zorlan\u0131r. Tek g\u00f6z kapat\u0131ld\u0131\u011f\u0131nda di\u011fer g\u00f6zle net g\u00f6rememe durumu olu\u015fabilir. Ba\u015f a\u011fr\u0131s\u0131 ve g\u00f6z yorgunlu\u011fu da g\u00f6r\u00fclebilir. Uzun s\u00fcreli odaklanma gerektiren durumlarda \u015fikayetler artar. Bu belirtiler g\u00fcnl\u00fck ya\u015fam\u0131 olumsuz etkiler.<\/p>\n<p data-block-id=\"81f3a8b1-f3fb-495c-b386-f0ce0d39c975\">Baz\u0131 \u00e7ocuklar ba\u015f\u0131n\u0131 e\u011ferek bakmay\u0131 tercih edebilir. Bu durum denge sa\u011flama \u00e7abas\u0131d\u0131r. G\u00f6zler aras\u0131nda uyum sorunu ortaya \u00e7\u0131kabilir. Bu nedenle <strong>g\u00f6z tembelli\u011fi<\/strong> erken d\u00f6nemde fark edilmelidir. D\u00fczenli g\u00f6z muayenesi ile tan\u0131 konulabilir. Uygun tedavi ile g\u00f6rme kalitesi art\u0131r\u0131labilir.<\/p>\n<h3 data-block-id=\"f9bba002-6294-4858-a816-34de5b09c865\"><span class=\"ez-toc-section\" id=\"Goz_Tembelligi_Neden_Olur\"><\/span>G\u00f6z Tembelli\u011fi Neden Olur?<span class=\"ez-toc-section-end\"><\/span><\/h3>\n<p data-block-id=\"bc89273d-102a-4d5f-beac-9b4a9892d2b8\" data-pm-slice=\"1 1 []\"><strong>\u0623\u0639\u064a\u0646 \u0646\u0639\u0633\u0627\u0646\u0647<\/strong> genellikle \u00e7ocukluk d\u00f6neminde geli\u015fen bir g\u00f6rme sorunudur. Bu durum olu\u015fumuna neden olan \u00e7e\u015fitli fakt\u00f6rlerle ili\u015fkilidir. En temel nedenlerden biri iki g\u00f6z aras\u0131nda g\u00f6rme fark\u0131 olmas\u0131d\u0131r. Beyin daha net g\u00f6ren g\u00f6z\u00fc tercih eder. Di\u011fer g\u00f6z zamanla daha az \u00e7al\u0131\u015f\u0131r. Bu s\u00fcre\u00e7 ilerledik\u00e7e g\u00f6rme kalitesi d\u00fc\u015fer.<\/p>\n<p data-block-id=\"6568e68d-1a04-4a3a-8368-6f3a9d5151ef\">\u015ea\u015f\u0131l\u0131k en s\u0131k g\u00f6r\u00fclen nedenlerden biridir. G\u00f6zlerin ayn\u0131 noktaya odaklanamamas\u0131 bu duruma yol a\u00e7ar. Beyin \u00e7ift g\u00f6rmeyi engellemek i\u00e7in bir g\u00f6z\u00fc bask\u0131lar. Bu bask\u0131lanan g\u00f6z zamanla tembelle\u015fir. Bu durum erken fark edilmezse kal\u0131c\u0131 hale gelebilir. Bu nedenle \u00e7ocukluk d\u00f6neminde g\u00f6z kontrolleri \u00f6nem ta\u015f\u0131r.<\/p>\n<p data-block-id=\"1b26fb0d-7f38-4256-b048-6b71c5538b21\">K\u0131rma kusurlar\u0131 da \u00f6nemli bir etkendir. Miyop, hipermetrop ve astigmat gibi sorunlar iki g\u00f6z aras\u0131nda fark olu\u015fturabilir. \u00d6zellikle y\u00fcksek numara fark\u0131 olan bireylerde risk artar. G\u00f6zl\u00fck kullan\u0131lmad\u0131\u011f\u0131nda bu fark daha belirgin hale gelir. Beyin zay\u0131f olan g\u00f6zden gelen g\u00f6r\u00fcnt\u00fcy\u00fc dikkate almaz. Bu durum tembelli\u011fi tetikler.<\/p>\n<p data-block-id=\"6bac0dfb-4efa-484e-b48d-4535eb6768d4\">Nadir durumlarda do\u011fu\u015ftan gelen problemler de etkili olabilir. Katarakt gibi g\u00f6z i\u00e7i sorunlar g\u00f6rmeyi engelleyebilir. G\u00f6z kapa\u011f\u0131 d\u00fc\u015f\u00fckl\u00fc\u011f\u00fc de g\u00f6rme alan\u0131n\u0131 daralt\u0131r. Bu t\u00fcr durumlar erken m\u00fcdahale gerektirir. Tedavi edilmedi\u011finde g\u00f6rme kalitesi kal\u0131c\u0131 olarak etkilenebilir. Bu nedenle d\u00fczenli kontrol \u00f6nemlidir.<\/p>\n<h3 data-block-id=\"e9db598c-7dd2-4a46-863b-4e1dbb124ce3\"><span class=\"ez-toc-section\" id=\"Goz_Tembelligi_Kimlerde_Gorulur\"><\/span>G\u00f6z Tembelli\u011fi Kimlerde G\u00f6r\u00fcl\u00fcr?<span class=\"ez-toc-section-end\"><\/span><\/h3>\n<p><img decoding=\"async\" class=\"wp-image-6285 alignright\" src=\"https:\/\/mehmettetikoglu.com\/wp-content\/uploads\/2025\/01\/goz-tembelligi-nedir-2-1.jpg\" alt=\"\u0645\u0627 \u0647\u064a \u0627\u0644\u0639\u064a\u0646 \u0627\u0644\u0643\u0633\u0648\u0644\u0629\u061f\" width=\"380\" height=\"199\" srcset=\"https:\/\/mehmettetikoglu.com\/wp-content\/uploads\/2025\/01\/goz-tembelligi-nedir-2-1.jpg 1200w, https:\/\/mehmettetikoglu.com\/wp-content\/uploads\/2025\/01\/goz-tembelligi-nedir-2-1-18x9.jpg 18w\" sizes=\"(max-width: 380px) 100vw, 380px\" \/><\/p>\n<p data-block-id=\"742b4752-0e2b-4745-aaad-dbc63f3c5b52\">En s\u0131k erken ya\u015flarda geli\u015fir. \u00d6zellikle 0 ile 7 ya\u015f aras\u0131 kritik bir d\u00f6nemdir. Bu s\u00fcre\u00e7te g\u00f6rme sistemi h\u0131zla geli\u015fir. Herhangi bir aksakl\u0131k kal\u0131c\u0131 etkilere yol a\u00e7abilir. Bu nedenle erken ya\u015fta g\u00f6z kontrolleri b\u00fcy\u00fck \u00f6nem ta\u015f\u0131r.<\/p>\n<p data-block-id=\"06235775-8535-4e80-8749-b8d8975f8de5\">Ailesinde g\u00f6z hastal\u0131\u011f\u0131 \u00f6yk\u00fcs\u00fc olan \u00e7ocuklar risk alt\u0131ndad\u0131r. Genetik fakt\u00f6rler bu durumu etkileyebilir. Ayr\u0131ca erken do\u011fan bebeklerde g\u00f6r\u00fclme ihtimali artar. D\u00fc\u015f\u00fck do\u011fum a\u011f\u0131rl\u0131\u011f\u0131 da risk fakt\u00f6rleri aras\u0131nda yer al\u0131r. Bu gruptaki \u00e7ocuklar\u0131n d\u00fczenli olarak g\u00f6z muayenesinden ge\u00e7mesi gerekir. \u015ea\u015f\u0131l\u0131k sorunu ya\u015fayan bireylerde bu durum daha s\u0131k g\u00f6r\u00fcl\u00fcr.<\/p>\n<p data-block-id=\"06235775-8535-4e80-8749-b8d8975f8de5\">G\u00f6zler ayn\u0131 noktaya odaklanamaz. Beyin bu durumda bir g\u00f6z\u00fc bask\u0131lar. Bu s\u00fcre\u00e7 zamanla <strong>g\u00f6z tembelli\u011fi<\/strong> geli\u015fimine yol a\u00e7abilir. Ayn\u0131 \u015fekilde iki g\u00f6z aras\u0131nda numara fark\u0131 olan ki\u015filerde de risk artar. Bu durum erken fark edilmezse ilerleyebilir.<\/p>\n<p data-block-id=\"07a691fd-410a-4c94-a205-e53e852263a6\">G\u00f6z kapa\u011f\u0131 d\u00fc\u015f\u00fckl\u00fc\u011f\u00fc olan \u00e7ocuklarda da g\u00f6r\u00fclme ihtimali vard\u0131r. G\u00f6rme alan\u0131 daral\u0131r ve g\u00f6z yeterince kullan\u0131lmaz. Ayr\u0131ca do\u011fu\u015ftan katarakt gibi durumlar da etkili olabilir. Bu t\u00fcr problemler erken d\u00f6nemde tedavi edilmelidir. D\u00fczenli kontrol ve erken m\u00fcdahale ile g\u00f6rme kayb\u0131 \u00f6nlenebilir.<\/p>\n<h3 data-block-id=\"ba6ecafa-a8bd-4161-9934-e4d10491e36f\"><span class=\"ez-toc-section\" id=\"Goz_Tembelligi_Tedavi_Yontemleri_Nelerdir\"><\/span>G\u00f6z Tembelli\u011fi Tedavi Y\u00f6ntemleri Nelerdir?<span class=\"ez-toc-section-end\"><\/span><\/h3>\n<p data-block-id=\"37117e6a-d9e0-4295-bd33-18c336ccda54\">Tedavisinde ama\u00e7 zay\u0131f olan g\u00f6z\u00fcn yeniden aktif \u00e7al\u0131\u015fmas\u0131n\u0131 sa\u011flamakt\u0131r. Tedavi s\u00fcreci genellikle \u00e7ocukluk d\u00f6neminde daha etkili olur. Erken tan\u0131 ba\u015far\u0131 \u015fans\u0131n\u0131 art\u0131r\u0131r. Bu nedenle belirtiler fark edildi\u011finde vakit kaybetmeden de\u011ferlendirme yap\u0131lmal\u0131d\u0131r. Tedavi ki\u015fiye \u00f6zel planlan\u0131r ve d\u00fczenli takip gerektirir. En yayg\u0131n y\u00f6ntemlerden biri kapama tedavisidir. Bu y\u00f6ntemde g\u00fc\u00e7l\u00fc olan g\u00f6z belirli s\u00fcrelerle kapat\u0131l\u0131r.<\/p>\n<p data-block-id=\"8392aa14-21f3-4bd7-bee2-3b0ed54bcd33\">B\u00f6ylece zay\u0131f g\u00f6z daha fazla \u00e7al\u0131\u015fmaya zorlan\u0131r. Bu s\u00fcre\u00e7 sab\u0131r gerektirir. Ailelerin bu konuda bilin\u00e7li olmas\u0131 \u00f6nemlidir.<strong> G\u00f6z tembelli\u011fi nedir<\/strong> sorusu \u00e7o\u011fu zaman tedavi s\u00fcrecinde daha iyi anla\u015f\u0131l\u0131r. \u00c7\u00fcnk\u00fc uygulamalar do\u011frudan g\u00f6rme geli\u015fimini hedefler. G\u00f6zl\u00fck kullan\u0131m\u0131 da tedavi s\u00fcrecinin \u00f6nemli bir par\u00e7as\u0131d\u0131r.<\/p>\n<p data-block-id=\"8392aa14-21f3-4bd7-bee2-3b0ed54bcd33\">\u00d6zellikle k\u0131rma kusuru olan bireylerde tercih edilir. G\u00f6zl\u00fck ile iki g\u00f6z aras\u0131ndaki fark dengelenir. Bu sayede beyin her iki g\u00f6zden gelen g\u00f6r\u00fcnt\u00fcy\u00fc daha iyi i\u015fler. Baz\u0131 durumlarda \u00f6zel lensler de kullan\u0131labilir. Bu y\u00f6ntemler g\u00f6rme kalitesini art\u0131rmay\u0131 hedefler. \u0130leri vakalarda farkl\u0131 tedavi se\u00e7enekleri g\u00fcndeme gelebilir.<\/p>\n<p data-block-id=\"8392aa14-21f3-4bd7-bee2-3b0ed54bcd33\">G\u00f6z egzersizleri ile kaslar desteklenir. Nadir durumlarda cerrahi m\u00fcdahale gerekebilir. Ancak bu her hasta i\u00e7in gerekli de\u011fildir. D\u00fczenli kontrol ve do\u011fru tedavi ile olumlu sonu\u00e7lar elde edilir. S\u00fcre\u00e7 boyunca sab\u0131rl\u0131 olmak ve \u00f6nerilere uymak b\u00fcy\u00fck \u00f6nem ta\u015f\u0131r.<\/p>","protected":false},"excerpt":{"rendered":"<p>Bir g\u00f6z\u00fcn di\u011ferine g\u00f6re daha az g\u00f6rmesi ile ortaya \u00e7\u0131kan bir g\u00f6rme sorunudur. Genellikle \u00e7ocuklukta geli\u015fir. Beyin zay\u0131f g\u00f6zden gelen g\u00f6r\u00fcnt\u00fcy\u00fc zamanla bask\u0131lar. Bu durum g\u00f6rme kalitesini d\u00fc\u015f\u00fcr\u00fcr. G\u00f6z tembelli\u011fi nedir sorusu erken tan\u0131n\u0131n \u00f6nemini anlamak i\u00e7in ara\u015ft\u0131r\u0131l\u0131r. Tedavi edilmezse kal\u0131c\u0131 olabilir. G\u00f6z Tembelli\u011fi Nedir? Belirtileri Nelerdir? Bu hastal\u0131k bir g\u00f6z\u00fcn di\u011ferine g\u00f6re daha az [&hellip;]<\/p>","protected":false},"author":1,"featured_media":6286,"comment_status":"closed","ping_status":"open","sticky":false,"template":"","format":"standard","meta":{"footnotes":""},"categories":[1],"tags":[],"class_list":["post-5423","post","type-post","status-publish","format-standard","has-post-thumbnail","hentry","category-uncategorized"],"_links":{"self":[{"href":"https:\/\/mehmettetikoglu.com\/ar\/wp-json\/wp\/v2\/posts\/5423","targetHints":{"allow":["GET"]}}],"collection":[{"href":"https:\/\/mehmettetikoglu.com\/ar\/wp-json\/wp\/v2\/posts"}],"about":[{"href":"https:\/\/mehmettetikoglu.com\/ar\/wp-json\/wp\/v2\/types\/post"}],"author":[{"embeddable":true,"href":"https:\/\/mehmettetikoglu.com\/ar\/wp-json\/wp\/v2\/users\/1"}],"replies":[{"embeddable":true,"href":"https:\/\/mehmettetikoglu.com\/ar\/wp-json\/wp\/v2\/comments?post=5423"}],"version-history":[{"count":5,"href":"https:\/\/mehmettetikoglu.com\/ar\/wp-json\/wp\/v2\/posts\/5423\/revisions"}],"predecessor-version":[{"id":6287,"href":"https:\/\/mehmettetikoglu.com\/ar\/wp-json\/wp\/v2\/posts\/5423\/revisions\/6287"}],"wp:featuredmedia":[{"embeddable":true,"href":"https:\/\/mehmettetikoglu.com\/ar\/wp-json\/wp\/v2\/media\/6286"}],"wp:attachment":[{"href":"https:\/\/mehmettetikoglu.com\/ar\/wp-json\/wp\/v2\/media?parent=5423"}],"wp:term":[{"taxonomy":"category","embeddable":true,"href":"https:\/\/mehmettetikoglu.com\/ar\/wp-json\/wp\/v2\/categories?post=5423"},{"taxonomy":"post_tag","embeddable":true,"href":"https:\/\/mehmettetikoglu.com\/ar\/wp-json\/wp\/v2\/tags?post=5423"}],"curies":[{"name":"wp","href":"https:\/\/api.w.org\/{rel}","templated":true}]}}