{"id":5258,"date":"2024-10-23T13:32:41","date_gmt":"2024-10-23T10:32:41","guid":{"rendered":"https:\/\/mehmettetikoglu.com\/?p=5258"},"modified":"2026-04-29T12:16:16","modified_gmt":"2026-04-29T09:16:16","slug":"konjenital-katarakt","status":"publish","type":"post","link":"https:\/\/mehmettetikoglu.com\/en\/konjenital-katarakt\/","title":{"rendered":"Konjenital Katarakt"},"content":{"rendered":"<p data-block-id=\"328da9d7-240f-45be-ba55-23ac56f676f0\" data-pm-slice=\"1 1 []\">Baz\u0131 g\u00f6z hastal\u0131klar\u0131 do\u011fu\u015ftan ortaya \u00e7\u0131kabilir. Bu durumlardan biri <strong>konjenital katarakt<\/strong> olarak bilinir. Konjenital katarakt, g\u00f6z merce\u011finin do\u011fu\u015ftan bulan\u0131k olmas\u0131d\u0131r. Bu durum bebeklerde g\u00f6rme geli\u015fimini etkileyebilir. Erken tan\u0131 g\u00f6rme sa\u011fl\u0131\u011f\u0131 a\u00e7\u0131s\u0131ndan \u00e7ok \u00f6nemlidir. Doktor kontrol\u00fc ile uygun tedavi plan\u0131 yap\u0131labilir.<\/p>\n<div id=\"ez-toc-container\" class=\"ez-toc-v2_0_76 counter-hierarchy ez-toc-counter ez-toc-custom ez-toc-container-direction\">\n<div class=\"ez-toc-title-container\">\n<p class=\"ez-toc-title\" style=\"cursor:inherit\">\u0130\u00e7indekiler<\/p>\n<span class=\"ez-toc-title-toggle\"><a href=\"#\" class=\"ez-toc-pull-right ez-toc-btn ez-toc-btn-xs ez-toc-btn-default ez-toc-toggle\" aria-label=\"Toggle Table of Content\"><span class=\"ez-toc-js-icon-con\"><span class=\"\"><span class=\"eztoc-hide\" style=\"display:none;\">toggle<\/span><span class=\"ez-toc-icon-toggle-span\"><svg style=\"fill: #212d3d;color:#212d3d\" xmlns=\"http:\/\/www.w3.org\/2000\/svg\" class=\"list-377408\" width=\"20px\" height=\"20px\" viewbox=\"0 0 24 24\" fill=\"none\"><path d=\"M6 6H4v2h2V6zm14 0H8v2h12V6zM4 11h2v2H4v-2zm16 0H8v2h12v-2zM4 16h2v2H4v-2zm16 0H8v2h12v-2z\" fill=\"currentColor\"><\/path><\/svg><svg style=\"fill: #212d3d;color:#212d3d\" class=\"arrow-unsorted-368013\" xmlns=\"http:\/\/www.w3.org\/2000\/svg\" width=\"10px\" height=\"10px\" viewbox=\"0 0 24 24\" version=\"1.2\" baseprofile=\"tiny\"><path d=\"M18.2 9.3l-6.2-6.3-6.2 6.3c-.2.2-.3.4-.3.7s.1.5.3.7c.2.2.4.3.7.3h11c.3 0 .5-.1.7-.3.2-.2.3-.5.3-.7s-.1-.5-.3-.7zM5.8 14.7l6.2 6.3 6.2-6.3c.2-.2.3-.5.3-.7s-.1-.5-.3-.7c-.2-.2-.4-.3-.7-.3h-11c-.3 0-.5.1-.7.3-.2.2-.3.5-.3.7s.1.5.3.7z\"\/><\/svg><\/span><\/span><\/span><\/a><\/span><\/div>\n<nav><ul class='ez-toc-list ez-toc-list-level-1' ><li class='ez-toc-page-1 ez-toc-heading-level-2'><a class=\"ez-toc-link ez-toc-heading-1\" href=\"https:\/\/mehmettetikoglu.com\/en\/konjenital-katarakt\/#Konjenital_Katarakt_Belirtileri_Ve_Nedenleri\" >Konjenital Katarakt Belirtileri Ve Nedenleri<\/a><ul class='ez-toc-list-level-3' ><li class='ez-toc-heading-level-3'><a class=\"ez-toc-link ez-toc-heading-2\" href=\"https:\/\/mehmettetikoglu.com\/en\/konjenital-katarakt\/#Konjenital_Katarakt_Kimlerde_Gorulur\" >Konjenital Katarakt Kimlerde G\u00f6r\u00fcl\u00fcr?<\/a><\/li><li class='ez-toc-page-1 ez-toc-heading-level-3'><a class=\"ez-toc-link ez-toc-heading-3\" href=\"https:\/\/mehmettetikoglu.com\/en\/konjenital-katarakt\/#Konjenital_Katarakt_Tedavi_Yontemleri_Nelerdir\" >Konjenital Katarakt Tedavi Y\u00f6ntemleri Nelerdir?<\/a><\/li><li class='ez-toc-page-1 ez-toc-heading-level-3'><a class=\"ez-toc-link ez-toc-heading-4\" href=\"https:\/\/mehmettetikoglu.com\/en\/konjenital-katarakt\/#Konjenital_Katarakt_Tedavi_Sonrasi_Surec_Nasildir\" >Konjenital Katarakt Tedavi Sonras\u0131 S\u00fcre\u00e7 Nas\u0131ld\u0131r?<\/a><\/li><\/ul><\/li><\/ul><\/nav><\/div>\n<h2 data-block-id=\"1b9f23af-54fa-4117-b42a-c58d151bb9d0\"><span class=\"ez-toc-section\" id=\"Konjenital_Katarakt_Belirtileri_Ve_Nedenleri\"><\/span>Konjenital Katarakt Belirtileri Ve Nedenleri<span class=\"ez-toc-section-end\"><\/span><\/h2>\n<p><img fetchpriority=\"high\" decoding=\"async\" class=\"alignleft  wp-image-6142\" src=\"https:\/\/mehmettetikoglu.com\/wp-content\/uploads\/2024\/10\/konjenitak-katarakt-1_1200x628.jpg\" alt=\"Konjenital Katarakt\" width=\"380\" height=\"199\" srcset=\"https:\/\/mehmettetikoglu.com\/wp-content\/uploads\/2024\/10\/konjenitak-katarakt-1_1200x628.jpg 1200w, https:\/\/mehmettetikoglu.com\/wp-content\/uploads\/2024\/10\/konjenitak-katarakt-1_1200x628-18x9.jpg 18w\" sizes=\"(max-width: 380px) 100vw, 380px\" \/><\/p>\n<p data-block-id=\"3419d336-7421-411d-ad1b-7b8a2dea5f28\">G\u00f6z merce\u011fi normalde saydam bir yap\u0131ya sahiptir ve \u0131\u015f\u0131\u011f\u0131n do\u011fru \u015fekilde odaklanmas\u0131n\u0131 sa\u011flar. Bu sayede ki\u015fi \u00e7evresini net bir \u015fekilde g\u00f6rebilir. Ancak baz\u0131 durumlarda g\u00f6z merce\u011fi do\u011fu\u015ftan bulan\u0131k olabilir. Bu durum bebeklerde g\u00f6rme geli\u015fimini etkileyebilir. Do\u011fumdan sonra yap\u0131lan g\u00f6z muayeneleri bu t\u00fcr sorunlar\u0131n erken fark edilmesine yard\u0131mc\u0131 olur. Erken tan\u0131 sayesinde uygun tedavi plan\u0131 olu\u015fturulabilir.<\/p>\n<p data-block-id=\"7ad0e1f7-7840-4681-9842-54f15cc1dfde\">Baz\u0131 durumlarda <strong>konjenital katarakt<\/strong> belirli belirtilerle fark edilebilir. Bebeklerde g\u00f6z bebe\u011finde beyaz veya gri bir g\u00f6r\u00fcn\u00fcm olu\u015fabilir. Ayr\u0131ca bebek \u0131\u015f\u0131\u011fa kar\u015f\u0131 farkl\u0131 tepkiler verebilir. G\u00f6zlerde kayma veya odaklanma problemi g\u00f6r\u00fclebilir. Baz\u0131 bebekler nesnelere yeterince odaklanamayabilir. Bu t\u00fcr belirtiler fark edildi\u011finde bir g\u00f6z doktoruna ba\u015fvurmak \u00f6nemlidir. Erken de\u011ferlendirme g\u00f6rme geli\u015fimi a\u00e7\u0131s\u0131ndan olduk\u00e7a \u00f6nemlidir.<\/p>\n<p data-block-id=\"b6a64f30-06a4-4b2f-abc6-f726cd4e8d4e\">Do\u011fu\u015ftan g\u00f6r\u00fclen g\u00f6z hastal\u0131klar\u0131n\u0131n ortaya \u00e7\u0131kmas\u0131nda farkl\u0131 nedenler rol oynayabilir. Genetik fakt\u00f6rler bu durumun olu\u015fmas\u0131nda etkili olabilir. Bunun yan\u0131nda hamilelik d\u00f6neminde ge\u00e7irilen baz\u0131 enfeksiyonlar da risk olu\u015fturabilir. Ayr\u0131ca baz\u0131 metabolik hastal\u0131klar da g\u00f6z sa\u011fl\u0131\u011f\u0131n\u0131 etkileyebilir. Ancak baz\u0131 durumlarda kesin neden belirlenemeyebilir. Bu nedenle do\u011fum sonras\u0131 yap\u0131lan g\u00f6z kontrolleri olduk\u00e7a \u00f6nemlidir.<\/p>\n<p data-block-id=\"328da9d7-240f-45be-ba55-23ac56f676f0\" data-pm-slice=\"1 1 []\">\u0130lerleyen d\u00f6nemlerde belirtiler daha belirgin hale gelebilir. Bebeklerde g\u00f6rme geli\u015fimi beklenen \u015fekilde ilerlemeyebilir. Nesnelere odaklanmada zorluk g\u00f6r\u00fclebilir. Bunun yan\u0131nda g\u00f6zlerde kayma veya g\u00f6rme zay\u0131fl\u0131\u011f\u0131 ortaya \u00e7\u0131kabilir. Bu t\u00fcr belirtiler fark edildi\u011finde erken m\u00fcdahale \u00f6nemlidir. Uygun tedavi ve d\u00fczenli takip sayesinde g\u00f6rme geli\u015fimi desteklenebilir. Bu durum baz\u0131 bebeklerde <strong>konjenital katarakt<\/strong> nedeniyle ortaya \u00e7\u0131kabilir. Bu nedenle d\u00fczenli g\u00f6z kontrolleri b\u00fcy\u00fck \u00f6nem ta\u015f\u0131r.<\/p>\n<h3 data-block-id=\"4ada2727-38c8-4eef-b53b-d53560af4069\"><span class=\"ez-toc-section\" id=\"Konjenital_Katarakt_Kimlerde_Gorulur\"><\/span>Konjenital Katarakt Kimlerde G\u00f6r\u00fcl\u00fcr?<span class=\"ez-toc-section-end\"><\/span><\/h3>\n<p data-block-id=\"91cdfbeb-1ed0-419a-8aad-c944dcc81c22\">G\u00f6z sa\u011fl\u0131\u011f\u0131, \u00f6zellikle bebeklik d\u00f6neminde b\u00fcy\u00fck \u00f6nem ta\u015f\u0131r. G\u00f6rme geli\u015fimi do\u011fumdan sonraki ilk y\u0131llarda h\u0131zl\u0131 \u015fekilde ilerler. Bu d\u00f6nemde ortaya \u00e7\u0131kan g\u00f6z hastal\u0131klar\u0131 g\u00f6rme geli\u015fimini etkileyebilir. Bu nedenle bebeklerin g\u00f6z muayenelerinin d\u00fczenli yap\u0131lmas\u0131 \u00f6nemlidir. Erken tan\u0131 sayesinde bir\u00e7ok g\u00f6z hastal\u0131\u011f\u0131 daha kolay kontrol alt\u0131na al\u0131nabilir. Ailelerin bebeklerde g\u00f6r\u00fclen belirtileri dikkatle takip etmesi gerekir.<\/p>\n<p data-block-id=\"41005332-f3f3-457e-bb6b-c6fdbc443ea7\">Do\u011fu\u015ftan g\u00f6r\u00fclen g\u00f6z hastal\u0131klar\u0131 baz\u0131 bebeklerde daha s\u0131k ortaya \u00e7\u0131kabilir. Genetik fakt\u00f6rler bu t\u00fcr hastal\u0131klar\u0131n geli\u015fmesinde \u00f6nemli rol oynayabilir. Ailede g\u00f6z hastal\u0131\u011f\u0131 \u00f6yk\u00fcs\u00fc bulunan bebeklerde risk daha y\u00fcksek olabilir. Bunun yan\u0131nda hamilelik d\u00f6neminde ge\u00e7irilen baz\u0131 enfeksiyonlar da g\u00f6z sa\u011fl\u0131\u011f\u0131n\u0131 etkileyebilir. Ayr\u0131ca baz\u0131 metabolik hastal\u0131klar da do\u011fu\u015ftan g\u00f6r\u00fclen g\u00f6z sorunlar\u0131na yol a\u00e7abilir.<\/p>\n<p data-block-id=\"8c77da9f-dee2-4558-b658-0342a26c5ecf\">Baz\u0131 risk gruplar\u0131nda <strong>konjenital katarakt<\/strong> daha s\u0131k g\u00f6r\u00fclebilir. \u00d6zellikle ailede benzer g\u00f6z hastal\u0131\u011f\u0131 \u00f6yk\u00fcs\u00fc bulunan bebeklerde risk artabilir. Bunun yan\u0131nda hamilelik d\u00f6neminde ge\u00e7irilen enfeksiyonlar bu duruma neden olabilir. Ayr\u0131ca baz\u0131 genetik sendromlar da g\u00f6z merce\u011finde bulan\u0131kl\u0131\u011fa yol a\u00e7abilir. Risk grubunda bulunan bebeklerin erken d\u00f6nemde g\u00f6z muayenesinden ge\u00e7irilmesi \u00f6nemlidir.<\/p>\n<p data-block-id=\"dc2688a6-1c05-40f1-80e0-5e5a6173314d\">Bebeklerde g\u00f6z sa\u011fl\u0131\u011f\u0131n\u0131n korunmas\u0131 i\u00e7in d\u00fczenli doktor kontrolleri b\u00fcy\u00fck \u00f6nem ta\u015f\u0131r. Do\u011fumdan sonra yap\u0131lan g\u00f6z muayeneleri olas\u0131 sorunlar\u0131n erken fark edilmesine yard\u0131mc\u0131 olabilir. Ayr\u0131ca ebeveynlerin bebeklerde g\u00f6r\u00fclen belirtileri dikkatle g\u00f6zlemlemesi gerekir. G\u00f6z bebe\u011finde beyazl\u0131k ve g\u00f6z kaymas\u0131 gibi belirtiler fark edildi\u011finde doktora ba\u015fvurmak gerekir. Erken m\u00fcdahale sayesinde g\u00f6rme geli\u015fimi daha sa\u011fl\u0131kl\u0131 \u015fekilde desteklenebilir.<\/p>\n<h3 data-block-id=\"7924981f-75f3-4c1e-b94d-c9b8e35e4035\"><span class=\"ez-toc-section\" id=\"Konjenital_Katarakt_Tedavi_Yontemleri_Nelerdir\"><\/span>Konjenital Katarakt Tedavi Y\u00f6ntemleri Nelerdir?<span class=\"ez-toc-section-end\"><\/span><\/h3>\n<p><img decoding=\"async\" class=\"wp-image-6141 alignright\" src=\"https:\/\/mehmettetikoglu.com\/wp-content\/uploads\/2024\/10\/konjenitak-katarakt-2_1200x628.jpg\" alt=\"Konjenital Katarakt\" width=\"380\" height=\"199\" srcset=\"https:\/\/mehmettetikoglu.com\/wp-content\/uploads\/2024\/10\/konjenitak-katarakt-2_1200x628.jpg 1200w, https:\/\/mehmettetikoglu.com\/wp-content\/uploads\/2024\/10\/konjenitak-katarakt-2_1200x628-18x9.jpg 18w\" sizes=\"(max-width: 380px) 100vw, 380px\" \/><\/p>\n<p data-block-id=\"e608e4b9-e201-4cbc-9c26-fe9247815368\">Konjenital katarakt, g\u00f6z merce\u011finin do\u011fu\u015ftan bulan\u0131k olmas\u0131 durumudur. Bu durum bebeklerde g\u00f6rme geli\u015fimini etkileyebilir. G\u00f6z merce\u011fi \u0131\u015f\u0131\u011f\u0131n retina \u00fczerine do\u011fru \u015fekilde odaklanmas\u0131n\u0131 sa\u011flar. Ancak mercekte olu\u015fan bulan\u0131kl\u0131k g\u00f6rme kalitesinin azalmas\u0131na neden olabilir. Bu nedenle erken tan\u0131 ve do\u011fru tedavi olduk\u00e7a \u00f6nemlidir. Do\u011fum sonras\u0131 yap\u0131lan g\u00f6z muayeneleri bu hastal\u0131\u011f\u0131n erken fark edilmesine yard\u0131mc\u0131 olabilir.<\/p>\n<p data-block-id=\"b7b2ff69-7d59-4731-8c30-60f0b5299674\">Baz\u0131 durumlarda tedavide farkl\u0131 y\u00f6ntemler uygulanabilir. Bu s\u00fcre\u00e7te <strong>konjenital katarakt<\/strong> i\u00e7in tedavi plan\u0131 hastal\u0131\u011f\u0131n derecesine ve bebe\u011fin g\u00f6rme durumuna g\u00f6re belirlenir. Hafif vakalarda d\u00fczenli doktor takibi \u00f6nerilebilir. Ancak g\u00f6rmeyi ciddi \u015fekilde etkileyen durumlarda cerrahi tedavi g\u00fcndeme gelebilir. Ameliyat s\u0131ras\u0131nda bulan\u0131kla\u015fan g\u00f6z merce\u011fi \u00e7\u0131kar\u0131l\u0131r. Baz\u0131 durumlarda yerine yapay bir mercek yerle\u015ftirilebilir. Bu s\u00fcre\u00e7 uzman g\u00f6z doktorlar\u0131 taraf\u0131ndan planlan\u0131r.<\/p>\n<p data-block-id=\"f3491aa0-fa4d-49e2-b838-247cc62d1566\">Cerrahi tedavinin ard\u0131ndan g\u00f6rme geli\u015fimini desteklemek i\u00e7in ek y\u00f6ntemler uygulanabilir. Baz\u0131 bebeklerde g\u00f6zl\u00fck veya kontakt lens kullan\u0131m\u0131 \u00f6nerilebilir. Bunun yan\u0131nda g\u00f6z tembelli\u011fini \u00f6nlemek i\u00e7in kapama tedavisi uygulanabilir. Bu y\u00f6ntem sa\u011fl\u0131kl\u0131 g\u00f6z\u00fcn belirli s\u00fcre kapat\u0131lmas\u0131 ile uygulan\u0131r. B\u00f6ylece zay\u0131f olan g\u00f6z\u00fcn daha aktif \u00e7al\u0131\u015fmas\u0131 sa\u011flanabilir.<\/p>\n<p data-block-id=\"52509086-81fe-4885-9856-a9149a46f368\">Tedavi s\u00fcrecinde d\u00fczenli doktor kontrolleri b\u00fcy\u00fck \u00f6nem ta\u015f\u0131r. Kontroller sayesinde bebe\u011fin g\u00f6rme geli\u015fimi yak\u0131ndan takip edilir. Ayr\u0131ca g\u00f6z sa\u011fl\u0131\u011f\u0131n\u0131n korunmas\u0131 i\u00e7in gerekli \u00f6neriler yap\u0131l\u0131r. Ailelerin doktor \u00f6nerilerine dikkatle uymas\u0131 gerekir. Bu sayede g\u00f6rme geli\u015fimi daha sa\u011fl\u0131kl\u0131 \u015fekilde desteklenebilir. Erken m\u00fcdahale bir\u00e7ok durumda olumlu sonu\u00e7lar elde edilmesine yard\u0131mc\u0131 olabilir.<\/p>\n<h3 data-block-id=\"24d9040c-acae-4ffc-a96a-68bb3b3ddabd\"><span class=\"ez-toc-section\" id=\"Konjenital_Katarakt_Tedavi_Sonrasi_Surec_Nasildir\"><\/span>Konjenital Katarakt Tedavi Sonras\u0131 S\u00fcre\u00e7 Nas\u0131ld\u0131r?<span class=\"ez-toc-section-end\"><\/span><\/h3>\n<p data-block-id=\"ddd5c986-87d6-446d-b8c9-946c5324d12c\">Konjenital katarakt tedavisinden sonra iyile\u015fme s\u00fcreci dikkatli bir takip gerektirir. \u00d6zellikle bebeklik d\u00f6neminde yap\u0131lan tedavilerden sonra d\u00fczenli kontroller b\u00fcy\u00fck \u00f6nem ta\u015f\u0131r. Doktor kontrolleri sayesinde g\u00f6z\u00fcn iyile\u015fme durumu yak\u0131ndan takip edilir. Ayn\u0131 zamanda bebe\u011fin g\u00f6rme geli\u015fimi de de\u011ferlendirilir. Bu s\u00fcre\u00e7te ailelerin doktorun verdi\u011fi \u00f6nerilere dikkat etmesi gerekir. Tedavi sonras\u0131nda kullan\u0131lan damlalar\u0131n d\u00fczenli uygulanmas\u0131 da olduk\u00e7a \u00f6nemlidir.<\/p>\n<p data-block-id=\"a7b8cc20-6c8f-48f3-87da-a54e5a46e2e8\">Ameliyat sonras\u0131nda baz\u0131 bebeklerde ek tedavi y\u00f6ntemleri uygulanabilir. G\u00f6zl\u00fck veya kontakt lens kullan\u0131m\u0131 bunlardan biridir. Bu y\u00f6ntemler g\u00f6z\u00fcn do\u011fru \u015fekilde odaklanmas\u0131na yard\u0131mc\u0131 olabilir. Bunun yan\u0131nda baz\u0131 durumlarda kapama tedavisi uygulanabilir. Kapama tedavisi, g\u00fc\u00e7l\u00fc olan g\u00f6z\u00fcn belirli s\u00fcre kapat\u0131lmas\u0131 ile yap\u0131l\u0131r. B\u00f6ylece di\u011fer g\u00f6z\u00fcn daha aktif \u00e7al\u0131\u015fmas\u0131 desteklenir.<\/p>\n<p data-block-id=\"80272eb4-81eb-4090-9b38-55f9f0f45fc4\">Tedavi sonras\u0131nda bebe\u011fin g\u00fcnl\u00fck ya\u015fam\u0131nda baz\u0131 k\u00fc\u00e7\u00fck \u00f6nlemler almak faydal\u0131 olabilir. G\u00f6z sa\u011fl\u0131\u011f\u0131n\u0131 korumak i\u00e7in hijyen kurallar\u0131na dikkat edilmelidir. Ayr\u0131ca doktorun belirledi\u011fi kontrol randevular\u0131n\u0131n aksat\u0131lmamas\u0131 gerekir. Bu kontroller s\u0131ras\u0131nda g\u00f6z\u00fcn geli\u015fimi ve g\u00f6rme d\u00fczeyi de\u011ferlendirilir. Gerekli durumlarda tedavi plan\u0131 yeniden d\u00fczenlenebilir.<\/p>\n<p data-block-id=\"0c66cf01-265b-41ec-94d9-1b4f6dd15f8d\">Uzun vadede d\u00fczenli takip s\u00fcreci olduk\u00e7a \u00f6nemlidir. Doktor kontrolleri sayesinde g\u00f6rme geli\u015fimi yak\u0131ndan izlenebilir. Ayr\u0131ca olas\u0131 sorunlar erken d\u00f6nemde fark edilebilir. Bu s\u00fcre\u00e7te <strong>konjenital katarakt<\/strong> tedavisi sonras\u0131nda verilen \u00f6nerilere dikkat etmek b\u00fcy\u00fck \u00f6nem ta\u015f\u0131r. Ailelerin d\u00fczenli takip ve bak\u0131m konusunda dikkatli olmas\u0131 g\u00f6rme geli\u015fiminin sa\u011fl\u0131kl\u0131 ilerlemesine katk\u0131 sa\u011flar.<\/p>","protected":false},"excerpt":{"rendered":"<p>Baz\u0131 g\u00f6z hastal\u0131klar\u0131 do\u011fu\u015ftan ortaya \u00e7\u0131kabilir. Bu durumlardan biri konjenital katarakt olarak bilinir. Konjenital katarakt, g\u00f6z merce\u011finin do\u011fu\u015ftan bulan\u0131k olmas\u0131d\u0131r. Bu durum bebeklerde g\u00f6rme geli\u015fimini etkileyebilir. Erken tan\u0131 g\u00f6rme sa\u011fl\u0131\u011f\u0131 a\u00e7\u0131s\u0131ndan \u00e7ok \u00f6nemlidir. Doktor kontrol\u00fc ile uygun tedavi plan\u0131 yap\u0131labilir. Konjenital Katarakt Belirtileri Ve Nedenleri G\u00f6z merce\u011fi normalde saydam bir yap\u0131ya sahiptir ve \u0131\u015f\u0131\u011f\u0131n do\u011fru [&hellip;]<\/p>","protected":false},"author":1,"featured_media":5263,"comment_status":"closed","ping_status":"open","sticky":false,"template":"","format":"standard","meta":{"footnotes":""},"categories":[1],"tags":[],"class_list":["post-5258","post","type-post","status-publish","format-standard","has-post-thumbnail","hentry","category-uncategorized"],"_links":{"self":[{"href":"https:\/\/mehmettetikoglu.com\/en\/wp-json\/wp\/v2\/posts\/5258","targetHints":{"allow":["GET"]}}],"collection":[{"href":"https:\/\/mehmettetikoglu.com\/en\/wp-json\/wp\/v2\/posts"}],"about":[{"href":"https:\/\/mehmettetikoglu.com\/en\/wp-json\/wp\/v2\/types\/post"}],"author":[{"embeddable":true,"href":"https:\/\/mehmettetikoglu.com\/en\/wp-json\/wp\/v2\/users\/1"}],"replies":[{"embeddable":true,"href":"https:\/\/mehmettetikoglu.com\/en\/wp-json\/wp\/v2\/comments?post=5258"}],"version-history":[{"count":7,"href":"https:\/\/mehmettetikoglu.com\/en\/wp-json\/wp\/v2\/posts\/5258\/revisions"}],"predecessor-version":[{"id":6143,"href":"https:\/\/mehmettetikoglu.com\/en\/wp-json\/wp\/v2\/posts\/5258\/revisions\/6143"}],"wp:featuredmedia":[{"embeddable":true,"href":"https:\/\/mehmettetikoglu.com\/en\/wp-json\/wp\/v2\/media\/5263"}],"wp:attachment":[{"href":"https:\/\/mehmettetikoglu.com\/en\/wp-json\/wp\/v2\/media?parent=5258"}],"wp:term":[{"taxonomy":"category","embeddable":true,"href":"https:\/\/mehmettetikoglu.com\/en\/wp-json\/wp\/v2\/categories?post=5258"},{"taxonomy":"post_tag","embeddable":true,"href":"https:\/\/mehmettetikoglu.com\/en\/wp-json\/wp\/v2\/tags?post=5258"}],"curies":[{"name":"wp","href":"https:\/\/api.w.org\/{rel}","templated":true}]}}