{"id":5163,"date":"2024-08-29T12:05:29","date_gmt":"2024-08-29T09:05:29","guid":{"rendered":"https:\/\/mehmettetikoglu.com\/?p=5163"},"modified":"2026-04-24T10:34:36","modified_gmt":"2026-04-24T07:34:36","slug":"cocuklarda-renk-korlugu","status":"publish","type":"post","link":"https:\/\/mehmettetikoglu.com\/ru\/cocuklarda-renk-korlugu\/","title":{"rendered":"\u00c7ocuklarda Renk K\u00f6rl\u00fc\u011f\u00fc"},"content":{"rendered":"<p data-block-id=\"ef5c5407-11b2-4622-bcf8-60f27f029bac\" data-pm-slice=\"1 1 []\">Baz\u0131 renklerin do\u011fru \u015fekilde ay\u0131rt edilememesi durumu genellikle genetik ge\u00e7i\u015fle ortaya \u00e7\u0131kar ve do\u011fu\u015ftan gelir. En s\u0131k k\u0131rm\u0131z\u0131 ve ye\u015fil tonlar\u0131n\u0131n kar\u0131\u015ft\u0131r\u0131lmas\u0131 g\u00f6r\u00fcl\u00fcr. \u00c7ocuklar \u00e7o\u011fu zaman renkleri yanl\u0131\u015f g\u00f6rd\u00fc\u011f\u00fcn\u00fc fark etmez, \u00e7\u00fcnk\u00fc d\u00fcnyay\u0131 her zaman bu \u015fekilde alg\u0131lam\u0131\u015flard\u0131r. <strong>\u00c7ocuklarda renk k\u00f6rl\u00fc\u011f\u00fc<\/strong> bu nedenle \u00e7o\u011funlukla okul d\u00f6neminde yap\u0131lan etkinlikler s\u0131ras\u0131nda fark edilir.<\/p>\n<div id=\"ez-toc-container\" class=\"ez-toc-v2_0_76 counter-hierarchy ez-toc-counter ez-toc-custom ez-toc-container-direction\">\n<div class=\"ez-toc-title-container\">\n<p class=\"ez-toc-title\" style=\"cursor:inherit\">\u0130\u00e7indekiler<\/p>\n<span class=\"ez-toc-title-toggle\"><a href=\"#\" class=\"ez-toc-pull-right ez-toc-btn ez-toc-btn-xs ez-toc-btn-default ez-toc-toggle\" aria-label=\"\u041f\u0435\u0440\u0435\u043a\u043b\u044e\u0447\u0438\u0442\u044c \u043e\u0433\u043b\u0430\u0432\u043b\u0435\u043d\u0438\u0435\"><span class=\"ez-toc-js-icon-con\"><span class=\"\"><span class=\"eztoc-hide\" style=\"display:none;\">\u043f\u0435\u0440\u0435\u043a\u043b\u044e\u0447\u0430\u0442\u044c<\/span><span class=\"ez-toc-icon-toggle-span\"><svg style=\"fill: #212d3d;color:#212d3d\" xmlns=\"http:\/\/www.w3.org\/2000\/svg\" class=\"list-377408\" width=\"20px\" height=\"20px\" viewbox=\"0 0 24 24\" fill=\"none\"><path d=\"M6 6H4v2h2V6zm14 0H8v2h12V6zM4 11h2v2H4v-2zm16 0H8v2h12v-2zM4 16h2v2H4v-2zm16 0H8v2h12v-2z\" fill=\"currentColor\"><\/path><\/svg><svg style=\"fill: #212d3d;color:#212d3d\" class=\"arrow-unsorted-368013\" xmlns=\"http:\/\/www.w3.org\/2000\/svg\" width=\"10px\" height=\"10px\" viewbox=\"0 0 24 24\" version=\"1.2\" baseprofile=\"tiny\"><path d=\"M18.2 9.3l-6.2-6.3-6.2 6.3c-.2.2-.3.4-.3.7s.1.5.3.7c.2.2.4.3.7.3h11c.3 0 .5-.1.7-.3.2-.2.3-.5.3-.7s-.1-.5-.3-.7zM5.8 14.7l6.2 6.3 6.2-6.3c.2-.2.3-.5.3-.7s-.1-.5-.3-.7c-.2-.2-.4-.3-.7-.3h-11c-.3 0-.5.1-.7.3-.2.2-.3.5-.3.7s.1.5.3.7z\"\/><\/svg><\/span><\/span><\/span><\/a><\/span><\/div>\n<nav><ul class='ez-toc-list ez-toc-list-level-1' ><li class='ez-toc-page-1 ez-toc-heading-level-2'><a class=\"ez-toc-link ez-toc-heading-1\" href=\"https:\/\/mehmettetikoglu.com\/ru\/cocuklarda-renk-korlugu\/#Cocuklarda_Renk_Korlugu_Belirtileri_Ve_Nedenleri\" >\u00c7ocuklarda Renk K\u00f6rl\u00fc\u011f\u00fc Belirtileri Ve Nedenleri<\/a><ul class='ez-toc-list-level-3' ><li class='ez-toc-heading-level-3'><a class=\"ez-toc-link ez-toc-heading-2\" href=\"https:\/\/mehmettetikoglu.com\/ru\/cocuklarda-renk-korlugu\/#Cocuklarda_Renk_Korlugu_Kimlerde_Gorulur\" >\u00c7ocuklarda Renk K\u00f6rl\u00fc\u011f\u00fc Kimlerde G\u00f6r\u00fcl\u00fcr?<\/a><\/li><li class='ez-toc-page-1 ez-toc-heading-level-3'><a class=\"ez-toc-link ez-toc-heading-3\" href=\"https:\/\/mehmettetikoglu.com\/ru\/cocuklarda-renk-korlugu\/#Cocuklarda_Renk_Korlugu_Tedavi_Yontemleri_Nelerdir\" >\u00c7ocuklarda Renk K\u00f6rl\u00fc\u011f\u00fc Tedavi Y\u00f6ntemleri Nelerdir?<\/a><\/li><li class='ez-toc-page-1 ez-toc-heading-level-3'><a class=\"ez-toc-link ez-toc-heading-4\" href=\"https:\/\/mehmettetikoglu.com\/ru\/cocuklarda-renk-korlugu\/#Cocuklarda_Renk_Korlugu_Tedavi_Sonrasi_Surec_Nasildir\" >\u00c7ocuklarda Renk K\u00f6rl\u00fc\u011f\u00fc Tedavi Sonras\u0131 S\u00fcre\u00e7 Nas\u0131ld\u0131r?<\/a><\/li><\/ul><\/li><\/ul><\/nav><\/div>\n<h2 data-block-id=\"c095ec54-5222-4fcf-83b5-2ca0b82b6aa7\"><span class=\"ez-toc-section\" id=\"Cocuklarda_Renk_Korlugu_Belirtileri_Ve_Nedenleri\"><\/span>\u00c7ocuklarda Renk K\u00f6rl\u00fc\u011f\u00fc Belirtileri Ve Nedenleri<span class=\"ez-toc-section-end\"><\/span><\/h2>\n<p><img fetchpriority=\"high\" decoding=\"async\" class=\"alignleft wp-image-6036\" src=\"https:\/\/mehmettetikoglu.com\/wp-content\/uploads\/2024\/08\/cocuklarda-renk-korlugu-1_1200x628.jpg\" alt=\"\u00c7ocuklarda Renk K\u00f6rl\u00fc\u011f\u00fc\" width=\"380\" height=\"199\" srcset=\"https:\/\/mehmettetikoglu.com\/wp-content\/uploads\/2024\/08\/cocuklarda-renk-korlugu-1_1200x628.jpg 1200w, https:\/\/mehmettetikoglu.com\/wp-content\/uploads\/2024\/08\/cocuklarda-renk-korlugu-1_1200x628-18x9.jpg 18w\" sizes=\"(max-width: 380px) 100vw, 380px\" \/><\/p>\n<p data-block-id=\"37fec209-a748-4535-a50b-6a036b284994\">Renkleri do\u011fru ay\u0131rt edebilme yetene\u011fi, \u00e7ocuklar\u0131n g\u00fcnl\u00fck ya\u015fam\u0131nda ve e\u011fitim s\u00fcrecinde \u00f6nemli bir rol oynar. Baz\u0131 \u00e7ocuklarda ise renk alg\u0131s\u0131nda farkl\u0131l\u0131k g\u00f6r\u00fclebilir. Bu durum genellikle do\u011fu\u015ftan gelir ve \u00e7o\u011funlukla aileden genetik olarak aktar\u0131l\u0131r. Erkek \u00e7ocuklarda daha s\u0131k g\u00f6r\u00fcl\u00fcr. \u00c7ocuklar renkleri farkl\u0131 alg\u0131lad\u0131klar\u0131n\u0131 \u00e7o\u011fu zaman fark etmez. Bu nedenle sorun erken d\u00f6nemde anla\u015f\u0131lmayabilir ve \u00e7o\u011fu zaman okul \u00e7a\u011f\u0131nda yap\u0131lan etkinliklerde ortaya \u00e7\u0131kar.<\/p>\n<p data-block-id=\"428ab35f-049d-4de0-bbbe-7f56d2610b00\">Aileler genellikle boyama yaparken renklerin kar\u0131\u015ft\u0131r\u0131ld\u0131\u011f\u0131n\u0131 fark eder. \u00d6zellikle k\u0131rm\u0131z\u0131 ve ye\u015fil tonlar\u0131 birbirine kar\u0131\u015ft\u0131r\u0131labilir. <strong>\u00c7ocuklarda Renk K\u00f6rl\u00fc\u011f\u00fc<\/strong> bulunan bireyler kahverengi, turuncu ve baz\u0131 ye\u015fil tonlar\u0131n\u0131 da ay\u0131rt etmekte zorlan\u0131r. Trafik \u0131\u015f\u0131klar\u0131n\u0131 veya renkli i\u015faretleri ay\u0131rt etmek de g\u00fc\u00e7le\u015febilir. \u00c7ocuk ayn\u0131 hatay\u0131 tekrar etti\u011finde aile ve \u00f6\u011fretmenler durumdan \u015f\u00fcphelenebilir. Ancak bu durum zek\u00e2 veya \u00f6\u011frenme kapasitesi ile ilgili de\u011fildir.<\/p>\n<p data-block-id=\"00888d0a-0037-4ff1-88b4-bf3d822c7d40\">Renk alg\u0131s\u0131ndaki bu farkl\u0131l\u0131\u011f\u0131n en yayg\u0131n nedeni genetik ge\u00e7i\u015ftir. Anne veya babada renk alg\u0131s\u0131 sorunu bulunmas\u0131 riski art\u0131rabilir. Daha nadir durumlarda ise baz\u0131 g\u00f6z hastal\u0131klar\u0131 veya sinir sistemi sorunlar\u0131 da renk alg\u0131s\u0131n\u0131 etkileyebilir. Erken d\u00f6nemde yap\u0131lan g\u00f6z muayeneleri sayesinde durum fark edilebilir. Tan\u0131 genellikle \u00f6zel renk testleri ile konur ve \u00e7ocuklar\u0131n e\u011fitim s\u00fcreci buna g\u00f6re d\u00fczenlenebilir.<\/p>\n<p data-block-id=\"d42627d1-567d-4ce6-a1ee-b0958285c198\">Belirtiler erken fark edildi\u011finde \u00e7ocuklar\u0131n g\u00fcnl\u00fck ya\u015fam\u0131 daha kolay planlanabilir. Do\u011fru y\u00f6nlendirme ile e\u011fitim hayat\u0131nda sorun ya\u015famazlar. \u00d6\u011fretmenlerin ve ailelerin bilin\u00e7li yakla\u015f\u0131m\u0131 \u00f6nemlidir. <strong>\u00c7ocuklarda Renk K\u00f6rl\u00fc\u011f\u00fc<\/strong> durumunda renk yerine \u015fekil ve yaz\u0131 destekli materyaller kullan\u0131l\u0131r. B\u00f6ylece \u00e7ocuk kendini daha rahat ifade eder. Uygun destek sa\u011fland\u0131\u011f\u0131nda \u00f6zg\u00fcven geli\u015fimi de olumlu y\u00f6nde ilerler ve \u00e7ocuk sosyal ya\u015fam\u0131na g\u00fcvenle uyum sa\u011flayabilir.<\/p>\n<h3 data-block-id=\"041526f7-9a38-440b-ab0c-7d20a0f22b55\"><span class=\"ez-toc-section\" id=\"Cocuklarda_Renk_Korlugu_Kimlerde_Gorulur\"><\/span>\u00c7ocuklarda Renk K\u00f6rl\u00fc\u011f\u00fc Kimlerde G\u00f6r\u00fcl\u00fcr?<span class=\"ez-toc-section-end\"><\/span><\/h3>\n<p data-block-id=\"aff0991f-028e-4f78-b33c-fcdbc49b482c\">Renkleri ay\u0131rt etme yetene\u011fi, \u00e7ocuklar\u0131n \u00f6\u011frenme ve g\u00fcnl\u00fck ya\u015fam s\u00fcre\u00e7lerinde \u00f6nemli bir yer tutar. Ancak baz\u0131 \u00e7ocuklarda renk alg\u0131s\u0131 farkl\u0131 geli\u015febilir. Bu durum \u00e7o\u011funlukla genetik ge\u00e7i\u015fle ortaya \u00e7\u0131kar. Aile bireylerinde benzer bir durum bulunmas\u0131 riski art\u0131r\u0131r. \u00c7ocuklar renkleri farkl\u0131 alg\u0131lad\u0131klar\u0131n\u0131 \u00e7o\u011fu zaman fark etmez. Bu nedenle sorun genellikle okul \u00e7a\u011f\u0131nda yap\u0131lan etkinlikler s\u0131ras\u0131nda ortaya \u00e7\u0131kar. \u00d6\u011fretmenler taraf\u0131ndan fark edilir.<\/p>\n<p data-block-id=\"53d96308-9e92-41be-a76f-e4bf9a28f0ef\">Renk alg\u0131s\u0131 problemi erkek \u00e7ocuklarda k\u0131z \u00e7ocuklara g\u00f6re daha s\u0131k g\u00f6r\u00fcl\u00fcr. Bunun nedeni, renk alg\u0131s\u0131yla ilgili genlerin X kromozomu \u00fczerinden aktar\u0131lmas\u0131d\u0131r. Erkek \u00e7ocuklarda tek X kromozomu bulundu\u011fu i\u00e7in risk daha y\u00fcksektir. K\u0131z \u00e7ocuklarda ise genetik ge\u00e7i\u015f olsa bile belirtiler her zaman ortaya \u00e7\u0131kmayabilir. Bu nedenle ailede renk alg\u0131s\u0131 sorunu bulunan \u00e7ocuklar\u0131n g\u00f6z muayenesinden ge\u00e7irilmesi \u00f6nemlidir.<\/p>\n<p data-block-id=\"a103ef87-0b1a-4ef9-8075-627da3b9d2df\">Genetik ge\u00e7i\u015fin etkili oldu\u011fu <strong>\u00c7ocuklarda Renk K\u00f6rl\u00fc\u011f\u00fc<\/strong>, aile bireylerinde benzer durum bulunan \u00e7ocuklarda daha s\u0131k g\u00f6r\u00fcl\u00fcr. Bunun yan\u0131nda baz\u0131 nadir g\u00f6z hastal\u0131klar\u0131 veya sinir sistemi sorunlar\u0131 da renk alg\u0131s\u0131n\u0131 etkileyebilir. Ancak \u00e7ocukluk d\u00f6neminde g\u00f6r\u00fclen vakalar\u0131n b\u00fcy\u00fck k\u0131sm\u0131 kal\u0131tsal \u00f6zellik ta\u015f\u0131r. Bu nedenle aile \u00f6yk\u00fcs\u00fc bulunan \u00e7ocuklar\u0131n erken d\u00f6nemde de\u011ferlendirilmesi \u00f6nemlidir. E\u011fitim s\u00fcreci buna g\u00f6re planlanabilir.<\/p>\n<p data-block-id=\"b9958cd1-3598-4202-82e1-6a46ac742cce\">Erken fark edilen renk alg\u0131s\u0131 farkl\u0131l\u0131klar\u0131, \u00e7ocuklar\u0131n e\u011fitim ve sosyal ya\u015fam\u0131n\u0131 daha kolay hale getirir. \u00d6\u011fretmenlerin ve ailelerin sayesinde \u00e7ocuklar g\u00fcnl\u00fck aktivitelerde zorlanmaz. E\u011fitim materyallerinde renk yerine \u015fekil ve sembol kullan\u0131m\u0131 faydal\u0131 olabilir. Uygun y\u00f6nlendirme ile \u00e7ocuklar \u00f6zg\u00fcvenlerini korur. Arkada\u015f ortamlar\u0131nda rahat \u015fekilde uyum sa\u011flayabilir. B\u00f6ylece e\u011fitim s\u00fcreci daha sa\u011fl\u0131kl\u0131 ilerler ve \u00e7ocuklar kendilerini daha iyi ifade edebilir.<\/p>\n<h3 data-block-id=\"a9026bc7-ff66-4b0f-a521-057e64783f32\"><span class=\"ez-toc-section\" id=\"Cocuklarda_Renk_Korlugu_Tedavi_Yontemleri_Nelerdir\"><\/span>\u00c7ocuklarda Renk K\u00f6rl\u00fc\u011f\u00fc Tedavi Y\u00f6ntemleri Nelerdir?<span class=\"ez-toc-section-end\"><\/span><\/h3>\n<p><img decoding=\"async\" class=\"wp-image-6037 alignright\" src=\"https:\/\/mehmettetikoglu.com\/wp-content\/uploads\/2024\/08\/cocuklarda-renk-korlugu-2_1200x628.jpg\" alt=\"\u00c7ocuklarda Renk K\u00f6rl\u00fc\u011f\u00fc\" width=\"380\" height=\"199\" srcset=\"https:\/\/mehmettetikoglu.com\/wp-content\/uploads\/2024\/08\/cocuklarda-renk-korlugu-2_1200x628.jpg 1200w, https:\/\/mehmettetikoglu.com\/wp-content\/uploads\/2024\/08\/cocuklarda-renk-korlugu-2_1200x628-18x9.jpg 18w\" sizes=\"(max-width: 380px) 100vw, 380px\" \/><\/p>\n<p data-block-id=\"e080c141-a41c-4a05-b721-a2922b51e6c0\">Renk alg\u0131s\u0131 farkl\u0131l\u0131klar\u0131 \u00e7ocukluk d\u00f6neminde fark edildi\u011finde aileler tedavi se\u00e7eneklerini merak eder. Renk k\u00f6rl\u00fc\u011f\u00fc \u00e7o\u011funlukla genetik kaynakl\u0131d\u0131r ve do\u011fu\u015ftan gelir. Bu nedenle tamamen ortadan kald\u0131ran kesin bir tedavi y\u00f6ntemi bulunmaz. Ancak erken tan\u0131 sayesinde \u00e7ocu\u011fun e\u011fitim ve g\u00fcnl\u00fck ya\u015fam s\u00fcreci daha rahat planlanabilir. \u00d6\u011fretmen ve aile deste\u011fi ile \u00e7ocuklar renk alg\u0131s\u0131ndaki farkl\u0131l\u0131\u011fa ra\u011fmen okul ya\u015fam\u0131nda ba\u015far\u0131l\u0131 olabilir. G\u00fcnl\u00fck aktivitelerini zorlanmadan s\u00fcrd\u00fcrebilir.<\/p>\n<p data-block-id=\"6bc46e1a-9693-424e-869e-25945f61e77d\">G\u00fcn\u00fcm\u00fczde <strong>\u00c7ocuklarda Renk K\u00f6rl\u00fc\u011f\u00fc<\/strong> durumunda tamamen iyile\u015ftirici bir tedavi bulunmaz. Ancak baz\u0131 destekleyici y\u00f6ntemler kullan\u0131labilir. \u00d6zel filtreli g\u00f6zl\u00fckler veya kontakt lensler baz\u0131 renklerin daha kolay ay\u0131rt edilmesine yard\u0131mc\u0131 olur. Dijital uygulamalar \u00e7ocuklar\u0131n renkleri rahat ay\u0131rt etmesini sa\u011flar. B\u00f6ylece \u00e7ocuklar e\u011fitim s\u00fcrecinde daha az zorlan\u0131r ve \u00f6zg\u00fcvenleri korunur. Bu y\u00f6ntemler g\u00fcnl\u00fck ya\u015famda kar\u015f\u0131la\u015f\u0131lan zorluklar\u0131n azalt\u0131lmas\u0131na yard\u0131mc\u0131 olur.<\/p>\n<p data-block-id=\"5f9b6d83-3763-46a3-95ef-1fea410ded7d\">Tedavi s\u00fcrecinde en \u00f6nemli ad\u0131m bilin\u00e7li y\u00f6nlendirmedir. \u00d6\u011fretmenlerin ve ailelerin \u00e7ocu\u011fun renk alg\u0131s\u0131 farkl\u0131l\u0131\u011f\u0131n\u0131 bilmesi gerekir. E\u011fitim materyallerinde renk yerine sembol ve yaz\u0131 kullan\u0131m\u0131 olduk\u00e7a faydal\u0131d\u0131r. B\u00f6ylece \u00e7ocuk derslerde geri kalmaz. Erken d\u00f6nemde yap\u0131lan g\u00f6z muayeneleri sayesinde durum netle\u015ftirilir. Uygun destek plan\u0131 haz\u0131rlanabilir. Bu yakla\u015f\u0131m \u00e7ocu\u011fun okul ba\u015far\u0131s\u0131n\u0131 olumlu etkiler.<\/p>\n<p data-block-id=\"3c947d01-f1c0-4210-837e-d2ce4482a4f9\">Ailelerin bu durumu bir hastal\u0131k gibi g\u00f6rmemesi \u00f6nemlidir. Renk alg\u0131s\u0131 farkl\u0131l\u0131\u011f\u0131 olan \u00e7ocuklar do\u011fru destekle g\u00fcnl\u00fck ya\u015famlar\u0131n\u0131 rahatl\u0131kla s\u00fcrd\u00fcrebilir. Sosyal ve e\u011fitim ortam\u0131nda yap\u0131lan k\u00fc\u00e7\u00fck d\u00fczenlemeler b\u00fcy\u00fck fark yarat\u0131r. Uygun y\u00f6nlendirme sayesinde \u00e7ocuklar\u0131n \u00f6zg\u00fcveni korunur ve geli\u015fim s\u00fcre\u00e7leri sa\u011fl\u0131kl\u0131 \u015fekilde devam eder. B\u00f6ylece \u00e7ocuklar kendilerini daha rahat ifade edebilir ve sosyal ya\u015fama g\u00fcvenle uyum sa\u011flayabilir.<\/p>\n<h3 data-block-id=\"d021d164-d1b0-4c75-80cb-2d3031a4c3a9\"><span class=\"ez-toc-section\" id=\"Cocuklarda_Renk_Korlugu_Tedavi_Sonrasi_Surec_Nasildir\"><\/span>\u00c7ocuklarda Renk K\u00f6rl\u00fc\u011f\u00fc Tedavi Sonras\u0131 S\u00fcre\u00e7 Nas\u0131ld\u0131r?<span class=\"ez-toc-section-end\"><\/span><\/h3>\n<p data-block-id=\"830e7772-b18c-4b95-955a-63be4165c20b\">Renk alg\u0131s\u0131 farkl\u0131l\u0131\u011f\u0131 tan\u0131s\u0131 alan \u00e7ocuklarda s\u00fcre\u00e7 genellikle ailelerin bilin\u00e7lenmesi ile ba\u015flar. \u00c7\u00fcnk\u00fc renk k\u00f6rl\u00fc\u011f\u00fc \u00e7o\u011fu zaman kal\u0131c\u0131d\u0131r ve tamamen ortadan kald\u0131ran bir tedavi y\u00f6ntemi bulunmaz. Bu nedenle ama\u00e7, \u00e7ocu\u011fun g\u00fcnl\u00fck ya\u015fam\u0131n\u0131 ve e\u011fitim s\u00fcrecini kolayla\u015ft\u0131rmakt\u0131r. Erken fark edilen durumlarda \u00f6\u011fretmen ve aile i\u015f birli\u011fi ile \u00e7ocuklar\u0131n okul ortam\u0131na uyumu kolayla\u015f\u0131r. E\u011fitim materyallerinde k\u00fc\u00e7\u00fck d\u00fczenlemeler yap\u0131lmas\u0131 bile \u00e7ocuklar\u0131n derslere daha rahat kat\u0131lmas\u0131n\u0131 sa\u011flayabilir.<\/p>\n<p data-block-id=\"b8308a12-461a-4012-9c69-b931324ebfe5\">Destekleyici uygulamalar sayesinde \u00e7ocuklar\u0131n renkleri ay\u0131rt etmesi k\u0131smen kolayla\u015fabilir. \u00d6zel filtreli g\u00f6zl\u00fckler veya dijital uygulamalar baz\u0131 durumlarda yard\u0131mc\u0131 olabilir. Bunun yan\u0131nda \u00e7ocuklar\u0131n renk yerine \u015fekil ve sembollerle y\u00f6nlendirilmesi de g\u00fcnl\u00fck ya\u015famda avantaj sa\u011flar. E\u011fitim s\u00fcrecinde yap\u0131lan uyarlamalar sayesinde \u00e7ocuklar rahat \u015fekilde \u00f6\u011frenir. B\u00f6ylece \u00f6zg\u00fcven kayb\u0131 ya\u015fanmas\u0131n\u0131n \u00f6n\u00fcne ge\u00e7ilir.<\/p>\n<p data-block-id=\"ac1de7b3-8cbf-4861-ace0-1a6395377b5d\">Ailelerin ve \u00f6\u011fretmenlerin sab\u0131rl\u0131 yakla\u015f\u0131m\u0131 s\u00fcre\u00e7te en \u00f6nemli desteklerden biridir. \u00c7ocuklar\u0131n renkleri yanl\u0131\u015f s\u00f6ylemesi ya da kar\u0131\u015ft\u0131rmas\u0131 ele\u015ftirilmemelidir. Bunun yerine alternatif \u00f6\u011frenme y\u00f6ntemleri kullan\u0131lmal\u0131d\u0131r. D\u00fczenli g\u00f6z kontrolleri ile \u00e7ocu\u011fun g\u00f6rme geli\u015fimi takip edilir. Gerekti\u011finde e\u011fitim ortam\u0131nda yeni d\u00fczenlemeler yap\u0131labilir. Bu yakla\u015f\u0131m \u00e7ocu\u011fun sosyal uyumunu ve akademik geli\u015fimini olumlu y\u00f6nde etkiler.<\/p>\n<p data-block-id=\"424c2ec3-9b15-447c-b82b-b707ce80d660\">Tedavi sonras\u0131 s\u00fcre\u00e7te en \u00f6nemli konu \u00e7ocu\u011fun kendine g\u00fcvenini korumas\u0131d\u0131r. G\u00fcnl\u00fck ya\u015famda uygun y\u00f6nlendirmeler yap\u0131lmal\u0131d\u0131r. E\u011fitim materyallerinde alternatif i\u015faretleme y\u00f6ntemleri kullan\u0131labilir. Aile ve \u00f6\u011fretmen deste\u011fiyle \u00e7ocuklar sosyal ortamlar\u0131na rahat uyum sa\u011flar. <strong>\u00c7ocuklarda Renk K\u00f6rl\u00fc\u011f\u00fc<\/strong> erken bilin\u00e7lendirme ve do\u011fru y\u00f6nlendirme, e\u011fitim ve ya\u015fam\u0131n sa\u011fl\u0131kl\u0131 \u015fekilde devam etmesine yard\u0131mc\u0131 olur. \u00c7ocuklar\u0131n geli\u015fim s\u00fcreci g\u00fcvenle desteklenmi\u015f olur.<\/p>","protected":false},"excerpt":{"rendered":"<p>Baz\u0131 renklerin do\u011fru \u015fekilde ay\u0131rt edilememesi durumu genellikle genetik ge\u00e7i\u015fle ortaya \u00e7\u0131kar ve do\u011fu\u015ftan gelir. En s\u0131k k\u0131rm\u0131z\u0131 ve ye\u015fil tonlar\u0131n\u0131n kar\u0131\u015ft\u0131r\u0131lmas\u0131 g\u00f6r\u00fcl\u00fcr. \u00c7ocuklar \u00e7o\u011fu zaman renkleri yanl\u0131\u015f g\u00f6rd\u00fc\u011f\u00fcn\u00fc fark etmez, \u00e7\u00fcnk\u00fc d\u00fcnyay\u0131 her zaman bu \u015fekilde alg\u0131lam\u0131\u015flard\u0131r. \u00c7ocuklarda renk k\u00f6rl\u00fc\u011f\u00fc bu nedenle \u00e7o\u011funlukla okul d\u00f6neminde yap\u0131lan etkinlikler s\u0131ras\u0131nda fark edilir. \u00c7ocuklarda Renk K\u00f6rl\u00fc\u011f\u00fc Belirtileri [&hellip;]<\/p>","protected":false},"author":1,"featured_media":5166,"comment_status":"closed","ping_status":"open","sticky":false,"template":"","format":"standard","meta":{"footnotes":""},"categories":[1],"tags":[],"class_list":["post-5163","post","type-post","status-publish","format-standard","has-post-thumbnail","hentry","category-uncategorized"],"_links":{"self":[{"href":"https:\/\/mehmettetikoglu.com\/ru\/wp-json\/wp\/v2\/posts\/5163","targetHints":{"allow":["GET"]}}],"collection":[{"href":"https:\/\/mehmettetikoglu.com\/ru\/wp-json\/wp\/v2\/posts"}],"about":[{"href":"https:\/\/mehmettetikoglu.com\/ru\/wp-json\/wp\/v2\/types\/post"}],"author":[{"embeddable":true,"href":"https:\/\/mehmettetikoglu.com\/ru\/wp-json\/wp\/v2\/users\/1"}],"replies":[{"embeddable":true,"href":"https:\/\/mehmettetikoglu.com\/ru\/wp-json\/wp\/v2\/comments?post=5163"}],"version-history":[{"count":5,"href":"https:\/\/mehmettetikoglu.com\/ru\/wp-json\/wp\/v2\/posts\/5163\/revisions"}],"predecessor-version":[{"id":6038,"href":"https:\/\/mehmettetikoglu.com\/ru\/wp-json\/wp\/v2\/posts\/5163\/revisions\/6038"}],"wp:featuredmedia":[{"embeddable":true,"href":"https:\/\/mehmettetikoglu.com\/ru\/wp-json\/wp\/v2\/media\/5166"}],"wp:attachment":[{"href":"https:\/\/mehmettetikoglu.com\/ru\/wp-json\/wp\/v2\/media?parent=5163"}],"wp:term":[{"taxonomy":"category","embeddable":true,"href":"https:\/\/mehmettetikoglu.com\/ru\/wp-json\/wp\/v2\/categories?post=5163"},{"taxonomy":"post_tag","embeddable":true,"href":"https:\/\/mehmettetikoglu.com\/ru\/wp-json\/wp\/v2\/tags?post=5163"}],"curies":[{"name":"wp","href":"https:\/\/api.w.org\/{rel}","templated":true}]}}