{"id":5589,"date":"2025-04-04T12:18:46","date_gmt":"2025-04-04T09:18:46","guid":{"rendered":"https:\/\/mehmettetikoglu.com\/?p=5589"},"modified":"2026-04-29T12:15:59","modified_gmt":"2026-04-29T09:15:59","slug":"dogumsal-katarakt-nedir","status":"publish","type":"post","link":"https:\/\/mehmettetikoglu.com\/ru\/dogumsal-katarakt-nedir\/","title":{"rendered":"Do\u011fumsal Katarakt Nedir?"},"content":{"rendered":"<p data-block-id=\"c57d1c2f-6711-4f99-aa76-fa8ade85c1f0\" data-pm-slice=\"1 1 []\">Do\u011fumdan itibaren g\u00f6z merce\u011finin saydaml\u0131\u011f\u0131n\u0131 kaybetmesiyle ortaya \u00e7\u0131kan bu durum vard\u0131r. Bu durum, bebeklerde g\u00f6rmeyi etkiler. G\u00f6r\u00fcnt\u00fc net olu\u015fmaz ve geli\u015fim zarar g\u00f6rebilir. Aileler g\u00f6zde beyazl\u0131k veya kayma fark edebilir. <strong>Do\u011fumsal katarakt nedir<\/strong> sorusu bu noktada \u00f6nem kazan\u0131r. Erken tan\u0131 ve zaman\u0131nda tedavi, kal\u0131c\u0131 g\u00f6rme kayb\u0131n\u0131 \u00f6nlemek i\u00e7in gereklidir.<\/p>\n<div id=\"ez-toc-container\" class=\"ez-toc-v2_0_76 counter-hierarchy ez-toc-counter ez-toc-custom ez-toc-container-direction\">\n<div class=\"ez-toc-title-container\">\n<p class=\"ez-toc-title\" style=\"cursor:inherit\">\u0130\u00e7indekiler<\/p>\n<span class=\"ez-toc-title-toggle\"><a href=\"#\" class=\"ez-toc-pull-right ez-toc-btn ez-toc-btn-xs ez-toc-btn-default ez-toc-toggle\" aria-label=\"\u041f\u0435\u0440\u0435\u043a\u043b\u044e\u0447\u0438\u0442\u044c \u043e\u0433\u043b\u0430\u0432\u043b\u0435\u043d\u0438\u0435\"><span class=\"ez-toc-js-icon-con\"><span class=\"\"><span class=\"eztoc-hide\" style=\"display:none;\">\u043f\u0435\u0440\u0435\u043a\u043b\u044e\u0447\u0430\u0442\u044c<\/span><span class=\"ez-toc-icon-toggle-span\"><svg style=\"fill: #212d3d;color:#212d3d\" xmlns=\"http:\/\/www.w3.org\/2000\/svg\" class=\"list-377408\" width=\"20px\" height=\"20px\" viewbox=\"0 0 24 24\" fill=\"none\"><path d=\"M6 6H4v2h2V6zm14 0H8v2h12V6zM4 11h2v2H4v-2zm16 0H8v2h12v-2zM4 16h2v2H4v-2zm16 0H8v2h12v-2z\" fill=\"currentColor\"><\/path><\/svg><svg style=\"fill: #212d3d;color:#212d3d\" class=\"arrow-unsorted-368013\" xmlns=\"http:\/\/www.w3.org\/2000\/svg\" width=\"10px\" height=\"10px\" viewbox=\"0 0 24 24\" version=\"1.2\" baseprofile=\"tiny\"><path d=\"M18.2 9.3l-6.2-6.3-6.2 6.3c-.2.2-.3.4-.3.7s.1.5.3.7c.2.2.4.3.7.3h11c.3 0 .5-.1.7-.3.2-.2.3-.5.3-.7s-.1-.5-.3-.7zM5.8 14.7l6.2 6.3 6.2-6.3c.2-.2.3-.5.3-.7s-.1-.5-.3-.7c-.2-.2-.4-.3-.7-.3h-11c-.3 0-.5.1-.7.3-.2.2-.3.5-.3.7s.1.5.3.7z\"\/><\/svg><\/span><\/span><\/span><\/a><\/span><\/div>\n<nav><ul class='ez-toc-list ez-toc-list-level-1' ><li class='ez-toc-page-1 ez-toc-heading-level-2'><a class=\"ez-toc-link ez-toc-heading-1\" href=\"https:\/\/mehmettetikoglu.com\/ru\/dogumsal-katarakt-nedir\/#Dogumsal_Katarakt_Nedir_Kimlerde_Gorulur\" >Do\u011fumsal Katarakt Nedir? Kimlerde G\u00f6r\u00fcl\u00fcr?<\/a><ul class='ez-toc-list-level-3' ><li class='ez-toc-heading-level-3'><a class=\"ez-toc-link ez-toc-heading-2\" href=\"https:\/\/mehmettetikoglu.com\/ru\/dogumsal-katarakt-nedir\/#Dogumsal_Katarakt_Belirtileri_Ve_Nedenleri\" >Do\u011fumsal Katarakt Belirtileri Ve Nedenleri<\/a><\/li><li class='ez-toc-page-1 ez-toc-heading-level-3'><a class=\"ez-toc-link ez-toc-heading-3\" href=\"https:\/\/mehmettetikoglu.com\/ru\/dogumsal-katarakt-nedir\/#Dogumsal_Katarakt_Tedavi_Yontemleri_Nelerdir\" >Do\u011fumsal Katarakt Tedavi Y\u00f6ntemleri Nelerdir?<\/a><\/li><li class='ez-toc-page-1 ez-toc-heading-level-3'><a class=\"ez-toc-link ez-toc-heading-4\" href=\"https:\/\/mehmettetikoglu.com\/ru\/dogumsal-katarakt-nedir\/#Dogumsal_Katarakt_Tedavi_Sonrasi_Surec_Nasildir\" >Do\u011fumsal Katarakt Tedavi Sonras\u0131 S\u00fcre\u00e7 Nas\u0131ld\u0131r?<\/a><\/li><\/ul><\/li><\/ul><\/nav><\/div>\n<h2 data-block-id=\"7fcff149-4983-451c-b800-e20acf041bda\"><span class=\"ez-toc-section\" id=\"Dogumsal_Katarakt_Nedir_Kimlerde_Gorulur\"><\/span>Do\u011fumsal Katarakt Nedir? Kimlerde G\u00f6r\u00fcl\u00fcr?<span class=\"ez-toc-section-end\"><\/span><\/h2>\n<p><img fetchpriority=\"high\" decoding=\"async\" class=\"alignleft wp-image-6304\" src=\"https:\/\/mehmettetikoglu.com\/wp-content\/uploads\/2025\/04\/dogumsal-katarakt-nedir-1.jpg\" alt=\"Do\u011fumsal Katarakt Nedir?\" width=\"382\" height=\"200\" srcset=\"https:\/\/mehmettetikoglu.com\/wp-content\/uploads\/2025\/04\/dogumsal-katarakt-nedir-1.jpg 1200w, https:\/\/mehmettetikoglu.com\/wp-content\/uploads\/2025\/04\/dogumsal-katarakt-nedir-1-18x9.jpg 18w\" sizes=\"(max-width: 382px) 100vw, 382px\" \/><\/p>\n<p data-block-id=\"ff3abbde-79b2-436e-b48c-172062315676\">Katarakt, bebek do\u011fdu\u011funda ya da do\u011fumdan k\u0131sa s\u00fcre sonra g\u00f6z merce\u011finin saydaml\u0131\u011f\u0131n\u0131 kaybetmesiyle ortaya \u00e7\u0131kar. Bu durum, g\u00f6rme geli\u015fimini do\u011frudan etkiler. G\u00f6r\u00fcnt\u00fc net \u015fekilde retina \u00fczerine d\u00fc\u015femez. Bu da g\u00f6rme kayb\u0131na yol a\u00e7abilir. Erken tan\u0131 bu nedenle \u00e7ok \u00f6nemlidir. Aileler g\u00f6zde beyazl\u0131k fark edebilir.<\/p>\n<p data-block-id=\"ff3abbde-79b2-436e-b48c-172062315676\">I\u015f\u0131\u011fa hassasiyet veya kayma da g\u00f6r\u00fclebilir. Baz\u0131 bebeklerde<strong> do\u011fumsal katarakt<\/strong> genetik nedenlere ba\u011fl\u0131 geli\u015fir. Ailede benzer \u00f6yk\u00fc varsa risk artar. Ayn\u0131 zamanda gebelikte ge\u00e7irilen enfeksiyonlar da etkili olabilir. \u00d6zellikle k\u0131zam\u0131k\u00e7\u0131k gibi hastal\u0131klar bu durumu tetikleyebilir. Bunun d\u0131\u015f\u0131nda metabolik hastal\u0131klar da risk fakt\u00f6rleri aras\u0131nda yer al\u0131r. Her vaka farkl\u0131 nedenlere ba\u011fl\u0131 geli\u015febilir.<\/p>\n<p data-block-id=\"2d5c6324-4f9d-4552-bfaf-f57e0c555783\">Premat\u00fcre do\u011fan bebeklerde bu durum daha s\u0131k g\u00f6r\u00fclebilir. D\u00fc\u015f\u00fck do\u011fum a\u011f\u0131rl\u0131\u011f\u0131 da etkili olabilir. Baz\u0131 vakalarda ise herhangi bir neden bulunamaz. Bu durum sporadik olarak adland\u0131r\u0131l\u0131r. Erken te\u015fhis i\u00e7in d\u00fczenli g\u00f6z muayenesi \u015fartt\u0131r.<\/p>\n<p data-block-id=\"2d5c6324-4f9d-4552-bfaf-f57e0c555783\">\u00d6zellikle ilk aylarda yap\u0131lan kontroller b\u00fcy\u00fck \u00f6nem ta\u015f\u0131r. Kimlerde g\u00f6r\u00fcld\u00fc\u011f\u00fc incelendi\u011finde <strong>do\u011fumsal katarakt,<\/strong> genetik yatk\u0131nl\u0131\u011f\u0131 olan bebeklerde g\u00f6r\u00fclebilir. Ayr\u0131ca gebelik s\u00fcrecinde risk fakt\u00f6rlerine maruz kalan bebeklerde de g\u00f6r\u00fclebilir. Bu nedenle hamilelik s\u00fcrecinde d\u00fczenli takip \u00f6nemlidir. Do\u011fum sonras\u0131 kontroller aksat\u0131lmamal\u0131d\u0131r. Erken m\u00fcdahale ile g\u00f6rme kayb\u0131 b\u00fcy\u00fck \u00f6l\u00e7\u00fcde \u00f6nlenebilir.<\/p>\n<h3 data-block-id=\"3a596fb7-5c9c-4eff-855d-0f11da4e674d\"><span class=\"ez-toc-section\" id=\"Dogumsal_Katarakt_Belirtileri_Ve_Nedenleri\"><\/span>Do\u011fumsal Katarakt Belirtileri Ve Nedenleri<span class=\"ez-toc-section-end\"><\/span><\/h3>\n<p data-block-id=\"a557aed5-abc8-4c69-a205-80ba2c125121\"><strong>\u0432\u0440\u043e\u0436\u0434\u0435\u043d\u043d\u0430\u044f \u043a\u0430\u0442\u0430\u0440\u0430\u043a\u0442\u0430<\/strong>, bebek do\u011fdu\u011funda ya da k\u0131sa s\u00fcre sonra g\u00f6z merce\u011finin saydaml\u0131\u011f\u0131n\u0131 kaybetmesiyle ortaya \u00e7\u0131kar. Bu durum, g\u00f6rmenin sa\u011fl\u0131kl\u0131 geli\u015fmesini engeller. G\u00f6r\u00fcnt\u00fc net \u015fekilde retina \u00fczerine d\u00fc\u015femez. Bu da g\u00f6rme kalitesini d\u00fc\u015f\u00fcr\u00fcr. Erken tan\u0131 bu y\u00fczden \u00e7ok \u00f6nemlidir. \u0130lk aylarda fark edilen belirtiler, tedavi s\u00fcrecini do\u011frudan etkiler.<\/p>\n<p data-block-id=\"d5cea284-c423-41ef-b56d-b77c812287aa\">Belirtiler genellikle dikkatli g\u00f6zlem ile fark edilir. G\u00f6z bebe\u011finde beyazl\u0131k en s\u0131k g\u00f6r\u00fclen bulgulardan biridir. Bebek \u0131\u015f\u0131\u011fa kar\u015f\u0131 a\u015f\u0131r\u0131 hassas olabilir. G\u00f6zlerde kayma g\u00f6r\u00fclebilir. Baz\u0131 bebekler nesnelere odaklanmakta zorlan\u0131r. G\u00f6z temas\u0131 kurmama da \u00f6nemli bir i\u015farettir. Bu belirtiler fark edildi\u011finde zaman kaybetmeden doktora ba\u015fvurulmal\u0131d\u0131r.<\/p>\n<p data-block-id=\"45503ef7-371b-4852-a655-646dc0dd9f47\">Nedenler farkl\u0131l\u0131k g\u00f6sterebilir. Genetik fakt\u00f6rler \u00f6nemli bir rol oynar. Ailede benzer bir durum varsa risk artar. Gebelik s\u0131ras\u0131nda ge\u00e7irilen enfeksiyonlar da etkili olabilir. \u00d6zellikle k\u0131zam\u0131k\u00e7\u0131k gibi hastal\u0131klar g\u00f6z geli\u015fimini etkileyebilir. Bunun yan\u0131 s\u0131ra metabolik hastal\u0131klar da nedenler aras\u0131nda yer al\u0131r. Baz\u0131 vakalarda ise kesin bir neden bulunamaz.<\/p>\n<p data-block-id=\"7639e126-42b8-4e01-8386-f8f8262aec06\">Erken tan\u0131 ve do\u011fru tedavi ile ba\u015far\u0131l\u0131 sonu\u00e7lar elde edilebilir. Cerrahi m\u00fcdahale \u00e7o\u011fu zaman gerekli olur. Tedavi sonras\u0131 d\u00fczenli takip \u00f6nemlidir. G\u00f6rme geli\u015fimi yak\u0131ndan izlenmelidir. Ailelerin bilin\u00e7li olmas\u0131 s\u00fcreci olumlu etkiler. Bu sayede kal\u0131c\u0131 g\u00f6rme kayb\u0131 riski azalt\u0131labilir.<\/p>\n<h3 data-block-id=\"a3594338-32b5-4580-8b30-a24af3618554\"><span class=\"ez-toc-section\" id=\"Dogumsal_Katarakt_Tedavi_Yontemleri_Nelerdir\"><\/span>Do\u011fumsal Katarakt Tedavi Y\u00f6ntemleri Nelerdir?<span class=\"ez-toc-section-end\"><\/span><\/h3>\n<p><img decoding=\"async\" class=\"wp-image-6305 alignright\" src=\"https:\/\/mehmettetikoglu.com\/wp-content\/uploads\/2025\/04\/dogumsal-katarakt-nedir-2-1.jpg\" alt=\"Do\u011fumsal Katarakt Nedir?\" width=\"380\" height=\"199\" srcset=\"https:\/\/mehmettetikoglu.com\/wp-content\/uploads\/2025\/04\/dogumsal-katarakt-nedir-2-1.jpg 1200w, https:\/\/mehmettetikoglu.com\/wp-content\/uploads\/2025\/04\/dogumsal-katarakt-nedir-2-1-18x9.jpg 18w\" sizes=\"(max-width: 380px) 100vw, 380px\" \/><\/p>\n<p data-block-id=\"190112a3-d0e4-4d45-8598-e3bba01bbdef\">Tedavisi, g\u00f6rme geli\u015fimini korumak i\u00e7in erken d\u00f6nemde planlan\u0131r. Tan\u0131 konulduktan sonra hastan\u0131n ya\u015f\u0131 ve katarakt\u0131n derecesi de\u011ferlendirilir. G\u00f6rmeyi ciddi \u015fekilde etkileyen durumlarda cerrahi m\u00fcdahale \u00f6n plandad\u0131r. Ama\u00e7, saydaml\u0131\u011f\u0131n\u0131 kaybeden merce\u011fin \u00e7\u0131kar\u0131lmas\u0131d\u0131r. Bu sayede \u0131\u015f\u0131k retina \u00fczerine daha sa\u011fl\u0131kl\u0131 ula\u015f\u0131r. Erken m\u00fcdahale, g\u00f6rme tembelli\u011fi riskini azalt\u0131r.<\/p>\n<p data-block-id=\"41f5c772-9cec-4359-9be4-42283c416d96\">Cerrahi i\u015flem genellikle genel anestezi alt\u0131nda yap\u0131l\u0131r. Ameliyat s\u0131ras\u0131nda g\u00f6z merce\u011fi al\u0131n\u0131r ve baz\u0131 hastalarda yapay mercek yerle\u015ftirilebilir. Bebeklerde bu karar dikkatle verilir. Baz\u0131 durumlarda ameliyat sonras\u0131 g\u00f6zl\u00fck ya da kontakt lens kullan\u0131m\u0131 tercih edilir. Tedavi plan\u0131 her hasta i\u00e7in farkl\u0131d\u0131r. D\u00fczenli kontrol ve takip s\u00fcreci b\u00fcy\u00fck \u00f6nem ta\u015f\u0131r.<\/p>\n<p data-block-id=\"fc8eafeb-c76d-4400-af66-34b282dabc3b\">Tedavi s\u00fcrecinde <strong>do\u011fumsal katarakt<\/strong> vakalar\u0131nda sadece cerrahi yeterli olmayabilir. Ameliyat sonras\u0131 g\u00f6rme geli\u015fimini desteklemek gerekir. Bu noktada g\u00f6z kapama tedavisi uygulanabilir. Sa\u011flam g\u00f6z kapat\u0131larak zay\u0131f g\u00f6z\u00fcn \u00e7al\u0131\u015fmas\u0131 te\u015fvik edilir. B\u00f6ylece g\u00f6rme seviyesi art\u0131r\u0131lmaya \u00e7al\u0131\u015f\u0131l\u0131r. Bu s\u00fcre\u00e7 sab\u0131r ve d\u00fczenli takip gerektirir.<\/p>\n<p data-block-id=\"c924bfe5-8cfd-4095-bc90-7bdad450a4c5\">\u0130yile\u015fme s\u00fcrecinde ailelerin rol\u00fc \u00e7ok \u00f6nemlidir. Doktorun \u00f6nerdi\u011fi damlalar d\u00fczenli kullan\u0131lmal\u0131d\u0131r. G\u00f6z hijyenine dikkat edilmelidir. Kontroller aksat\u0131lmamal\u0131d\u0131r. G\u00f6rme geli\u015fimi uzun s\u00fcre izlenir. Erken ve do\u011fru tedavi ile ba\u015far\u0131l\u0131 sonu\u00e7lar elde edilebilir. Bu sayede \u00e7ocuk sa\u011fl\u0131kl\u0131 bir g\u00f6rme seviyesine ula\u015fabilir.<\/p>\n<h3 data-block-id=\"0ad09912-1f0a-44e1-a3fc-ad0915235e39\"><span class=\"ez-toc-section\" id=\"Dogumsal_Katarakt_Tedavi_Sonrasi_Surec_Nasildir\"><\/span>Do\u011fumsal Katarakt Tedavi Sonras\u0131 S\u00fcre\u00e7 Nas\u0131ld\u0131r?<span class=\"ez-toc-section-end\"><\/span><\/h3>\n<p data-block-id=\"4b86b0d6-3014-4900-8396-f0912e2f6baa\">Tedavisi sonras\u0131 s\u00fcre\u00e7, \u00e7ocu\u011fun g\u00f6rme geli\u015fimi a\u00e7\u0131s\u0131ndan kritik bir d\u00f6nemdir. Ameliyat ba\u015far\u0131yla tamamlansa bile takip s\u00fcreci ihmal edilmemelidir. \u0130lk g\u00fcnlerde g\u00f6zde hafif k\u0131zar\u0131kl\u0131k ve sulanma g\u00f6r\u00fclebilir. Bu durum genellikle k\u0131sa s\u00fcrede d\u00fczelir. D\u00fczenli kontroller ile ilerleme takip edilir.<\/p>\n<p data-block-id=\"4b86b0d6-3014-4900-8396-f0912e2f6baa\">Doktorun verdi\u011fi damlalar d\u00fczenli kullan\u0131lmal\u0131d\u0131r. Enfeksiyon riskini azaltmak i\u00e7in hijyen kurallar\u0131na dikkat edilmelidir. Aileler bu s\u00fcre\u00e7te s\u0131k\u00e7a <strong>do\u011fumsal katarakt nedir<\/strong> sorusunu yeniden ara\u015ft\u0131rabilir. Tedavi sonras\u0131 d\u00f6nemde g\u00f6z geli\u015fimi yak\u0131ndan izlenir. G\u00f6rme seviyesinin artmas\u0131 zaman alabilir. Baz\u0131 \u00e7ocuklarda g\u00f6zl\u00fck ya da kontakt lens kullan\u0131m\u0131 gerekebilir. Bu destekler, net g\u00f6rmeyi sa\u011flamak i\u00e7in \u00f6nemlidir.<\/p>\n<p data-block-id=\"22efec36-4bfe-40f3-9a48-37e6411fec3e\">G\u00f6rme tembelli\u011fini \u00f6nlemek i\u00e7in ek tedaviler uygulanabilir. G\u00f6z kapama tedavisi bu y\u00f6ntemlerden biridir. Sa\u011flam g\u00f6z belirli s\u00fcrelerle kapat\u0131l\u0131r. Bu sayede zay\u0131f g\u00f6z\u00fcn \u00e7al\u0131\u015fmas\u0131 desteklenir. Tedavi s\u00fcresi \u00e7ocu\u011fun durumuna g\u00f6re de\u011fi\u015fir. Ailelerin sab\u0131rl\u0131 olmas\u0131 gerekir. D\u00fczenli uygulama, ba\u015far\u0131 oran\u0131n\u0131 art\u0131r\u0131r.<\/p>\n<p data-block-id=\"1eecab3b-86c9-49cc-95f3-ba40e0a943b0\">Uzun vadede g\u00f6rme geli\u015fimi takip edilmeye devam eder. Okul \u00e7a\u011f\u0131na kadar d\u00fczenli kontroller \u00f6nerilir. G\u00f6z numaras\u0131 de\u011fi\u015febilir. Bu nedenle g\u00f6zl\u00fck ihtiyac\u0131 yeniden de\u011ferlendirilir. T\u00fcm bu s\u00fcre\u00e7te doktor \u00f6nerilerine uyum \u00e7ok \u00f6nemlidir. Erken m\u00fcdahale ve do\u011fru takip ile \u00e7ocuk sa\u011fl\u0131kl\u0131 bir g\u00f6rme seviyesine ula\u015fabilir.<\/p>","protected":false},"excerpt":{"rendered":"<p>Do\u011fumdan itibaren g\u00f6z merce\u011finin saydaml\u0131\u011f\u0131n\u0131 kaybetmesiyle ortaya \u00e7\u0131kan bu durum vard\u0131r. Bu durum, bebeklerde g\u00f6rmeyi etkiler. G\u00f6r\u00fcnt\u00fc net olu\u015fmaz ve geli\u015fim zarar g\u00f6rebilir. Aileler g\u00f6zde beyazl\u0131k veya kayma fark edebilir. Do\u011fumsal katarakt nedir sorusu bu noktada \u00f6nem kazan\u0131r. Erken tan\u0131 ve zaman\u0131nda tedavi, kal\u0131c\u0131 g\u00f6rme kayb\u0131n\u0131 \u00f6nlemek i\u00e7in gereklidir. Do\u011fumsal Katarakt Nedir? Kimlerde G\u00f6r\u00fcl\u00fcr? Katarakt, [&hellip;]<\/p>","protected":false},"author":1,"featured_media":6306,"comment_status":"closed","ping_status":"open","sticky":false,"template":"","format":"standard","meta":{"footnotes":""},"categories":[1],"tags":[],"class_list":["post-5589","post","type-post","status-publish","format-standard","has-post-thumbnail","hentry","category-uncategorized"],"_links":{"self":[{"href":"https:\/\/mehmettetikoglu.com\/ru\/wp-json\/wp\/v2\/posts\/5589","targetHints":{"allow":["GET"]}}],"collection":[{"href":"https:\/\/mehmettetikoglu.com\/ru\/wp-json\/wp\/v2\/posts"}],"about":[{"href":"https:\/\/mehmettetikoglu.com\/ru\/wp-json\/wp\/v2\/types\/post"}],"author":[{"embeddable":true,"href":"https:\/\/mehmettetikoglu.com\/ru\/wp-json\/wp\/v2\/users\/1"}],"replies":[{"embeddable":true,"href":"https:\/\/mehmettetikoglu.com\/ru\/wp-json\/wp\/v2\/comments?post=5589"}],"version-history":[{"count":4,"href":"https:\/\/mehmettetikoglu.com\/ru\/wp-json\/wp\/v2\/posts\/5589\/revisions"}],"predecessor-version":[{"id":6308,"href":"https:\/\/mehmettetikoglu.com\/ru\/wp-json\/wp\/v2\/posts\/5589\/revisions\/6308"}],"wp:featuredmedia":[{"embeddable":true,"href":"https:\/\/mehmettetikoglu.com\/ru\/wp-json\/wp\/v2\/media\/6306"}],"wp:attachment":[{"href":"https:\/\/mehmettetikoglu.com\/ru\/wp-json\/wp\/v2\/media?parent=5589"}],"wp:term":[{"taxonomy":"category","embeddable":true,"href":"https:\/\/mehmettetikoglu.com\/ru\/wp-json\/wp\/v2\/categories?post=5589"},{"taxonomy":"post_tag","embeddable":true,"href":"https:\/\/mehmettetikoglu.com\/ru\/wp-json\/wp\/v2\/tags?post=5589"}],"curies":[{"name":"wp","href":"https:\/\/api.w.org\/{rel}","templated":true}]}}